{"id":9027,"date":"2023-03-08T22:15:49","date_gmt":"2023-03-08T21:15:49","guid":{"rendered":"https:\/\/blogs.elcomercio.es\/largo_de_cafe\/?p=9027"},"modified":"2023-03-08T22:15:49","modified_gmt":"2023-03-08T21:15:49","slug":"feminista-puente","status":"publish","type":"post","link":"https:\/\/blogs.elcomercio.es\/largo_de_cafe\/2023\/03\/08\/feminista-puente\/","title":{"rendered":"FEMINISTA PUENTE"},"content":{"rendered":"<p class=\"v-p\">Nuria Varela, directora general de Igualdad, aborda en una entrevista que se publica en estas p\u00e1ginas la cuesti\u00f3n del feminismo, con la fuerza que cobra este tema cuando se est\u00e1 en v\u00edsperas del 8 de marzo. Se define como \u00abfeminista puente\u00bb, una expresi\u00f3n que puede parecer vaga, pero a poco que se quiera leer entre l\u00edneas resulta una declaraci\u00f3n de intenciones, ya que uno no ve a Irene Montero, por citar a la primera feminista oficial que me viene a la cabeza, poni\u00e9ndose la etiqueta de feminista puente \u00bfPara qu\u00e9 necesita Montero los puentes?<\/p>\n<p class=\"v-p\">En la entrevista me llamaron la atenci\u00f3n algunas cosas. Por encima de cualquier otra observaci\u00f3n destaca el campo minado en que se ha convertido el feminismo. En caso contrario no se entender\u00eda que una directora general de 55 a\u00f1os que va a dejar el cargo al terminar el mandato, es decir, dentro de dos telediarios, ante la pregunta de si est\u00e1 unido o no el movimiento feminista asturiano responda que no quiere opinar porque est\u00e1 en un cargo institucional. \u00bfQu\u00e9 consecuencias acarrea decir que no lo est\u00e1? Autocensurarse, por el hecho de ser un alto cargo del Principado, es extra\u00f1o. Se puede reconocer que hay tensiones en un partido, en un sindicato o, incluso, en el Tribunal Constitucional, pero ojo con realizar una valoraci\u00f3n cr\u00edtica con lo que ocurre en el interior del movimiento feminista. Bien es cierto que en la entrevista culpa al Ministerio de Igualdad de dividir al movimiento feminista espa\u00f1ol.<\/p>\n<p class=\"v-p\">Para el mi\u00e9rcoles hay convocadas dos manifestaciones, una en Mieres bajo el lema, &#8216;Compa\u00f1era, dame tira&#8217;, la expresi\u00f3n minera con la que Camaret\u00e1 compuso una canci\u00f3n hace 45 a\u00f1os que alcanz\u00f3 gran popularidad en Asturias, y &#8216;M\u00e1s que nunca, 8-M&#8217;, en Gij\u00f3n. Son enunciados distintos, uno apela a la solidaridad y el otro es identitario en t\u00e9rminos un tanto tautol\u00f3gicos (en el 8-M hay que ser m\u00e1s 8-M), pero no hay contradicci\u00f3n entre ambos. En la ONU ponen el acento en la brecha digital. Leyendo de corrido los tres lemas o motivos para la manifestaci\u00f3n se queda uno con la impresi\u00f3n de que no tienen muy claro las convocantes qu\u00e9 asunto en concreto merece convertirse en diana de las movilizaciones de este a\u00f1o, sin embargo, Nuria Varela lo tiene meridiano: \u00abLa prioridad de las mujeres en el mundo es erradicar la violencia. En Asturias, tambi\u00e9n\u00bb. Qu\u00e9 f\u00e1cil deber\u00eda ser sumarse a esa prioridad y escribir con ella pareados en las pancartas. Adem\u00e1s, no hay que volverse locos adapt\u00e1ndose a contextos, erradicar la violencia es prioritario en Nairobi, en Oslo o en Gij\u00f3n.<\/p>\n<p>&nbsp;<\/p>\n<!-- AddThis Advanced Settings generic via filter on the_content --><!-- AddThis Share Buttons generic via filter on the_content -->","protected":false},"excerpt":{"rendered":"<p>Nuria Varela, directora general de Igualdad, aborda en una entrevista que se publica en estas p\u00e1ginas la cuesti\u00f3n del feminismo, con la fuerza que cobra este tema cuando se est\u00e1 en v\u00edsperas del 8 de marzo. Se define como \u00abfeminista puente\u00bb, una expresi\u00f3n que puede parecer vaga, pero a poco que se quiera leer entre [&hellip;]<!-- AddThis Advanced Settings generic via filter on get_the_excerpt --><!-- AddThis Share Buttons generic via filter on get_the_excerpt --><\/p>\n","protected":false},"author":2,"featured_media":0,"comment_status":"open","ping_status":"open","sticky":false,"template":"","format":"standard","meta":[],"categories":[1],"tags":[],"_links":{"self":[{"href":"https:\/\/blogs.elcomercio.es\/largo_de_cafe\/wp-json\/wp\/v2\/posts\/9027"}],"collection":[{"href":"https:\/\/blogs.elcomercio.es\/largo_de_cafe\/wp-json\/wp\/v2\/posts"}],"about":[{"href":"https:\/\/blogs.elcomercio.es\/largo_de_cafe\/wp-json\/wp\/v2\/types\/post"}],"author":[{"embeddable":true,"href":"https:\/\/blogs.elcomercio.es\/largo_de_cafe\/wp-json\/wp\/v2\/users\/2"}],"replies":[{"embeddable":true,"href":"https:\/\/blogs.elcomercio.es\/largo_de_cafe\/wp-json\/wp\/v2\/comments?post=9027"}],"version-history":[{"count":1,"href":"https:\/\/blogs.elcomercio.es\/largo_de_cafe\/wp-json\/wp\/v2\/posts\/9027\/revisions"}],"predecessor-version":[{"id":9028,"href":"https:\/\/blogs.elcomercio.es\/largo_de_cafe\/wp-json\/wp\/v2\/posts\/9027\/revisions\/9028"}],"wp:attachment":[{"href":"https:\/\/blogs.elcomercio.es\/largo_de_cafe\/wp-json\/wp\/v2\/media?parent=9027"}],"wp:term":[{"taxonomy":"category","embeddable":true,"href":"https:\/\/blogs.elcomercio.es\/largo_de_cafe\/wp-json\/wp\/v2\/categories?post=9027"},{"taxonomy":"post_tag","embeddable":true,"href":"https:\/\/blogs.elcomercio.es\/largo_de_cafe\/wp-json\/wp\/v2\/tags?post=9027"}],"curies":[{"name":"wp","href":"https:\/\/api.w.org\/{rel}","templated":true}]}}