{"id":9029,"date":"2023-03-09T22:30:11","date_gmt":"2023-03-09T21:30:11","guid":{"rendered":"https:\/\/blogs.elcomercio.es\/largo_de_cafe\/?p=9029"},"modified":"2023-03-09T22:30:11","modified_gmt":"2023-03-09T21:30:11","slug":"senales-positivas","status":"publish","type":"post","link":"https:\/\/blogs.elcomercio.es\/largo_de_cafe\/2023\/03\/09\/senales-positivas\/","title":{"rendered":"SE\u00d1ALES POSITIVAS"},"content":{"rendered":"<p class=\"v-p\">Presentaci\u00f3n en Gij\u00f3n de Jos\u00e9 Antonio Sebasti\u00e1n, comisionado del Corredor Atl\u00e1ntico. Para el acto se hab\u00edan mandado invitaciones a las once comunidades atravesadas por el corredor. En la ceremonia debut\u00f3 el nuevo secretario de Estado de Transportes, David Lucas, y tambi\u00e9n intervino el director general de Infraestructuras, Xavier Flores, que hace unas semanas se afanaba por demostrarnos que los trenes incompatibles con los t\u00faneles ten\u00edan un tama\u00f1o excesivamente peque\u00f1o. Me alegra que estos actos se realicen en Asturias, pero no se entender\u00eda tanta pompa para presentar a un comisionado sino fuera por el esc\u00e1ndalo de los trenes fallidos. El Ministerio de Transportes est\u00e1 dispuesto a hacer cualquier gesto para convencernos de que Asturias es muy importante para el Gobierno. Este mismo mes va a volver a visitarnos el secretario de Estado para hacer una reuni\u00f3n de seguimiento de los Acuerdos de la Castellana. No conozco precedentes de reuniones de seguimiento al mes y medio de firmar un acuerdo. A ver si es capaz de sorprendernos y nos anticipa algo positivo sobre las gestiones realizadas en torno a la nueva remesa de trenes. \u00a1Ojal\u00e1! Por la coincidencia de un c\u00famulo de razones, el Gobierno quiere relanzar el Corredor Atl\u00e1ntico. Todo lo que dijeron ayer los oradores tiene sentido. Se trata de un eje dise\u00f1ado por la Uni\u00f3n Europea, que en el caso de que no se desarrolle dar\u00eda paso a la Espa\u00f1a de dos velocidades. Una acumulando inversiones, empleo y prosperidad y la otra perdiendo poblaci\u00f3n, nutriendo el paro y dependiente de las prestaciones sociales. Todos queremos subirnos al tren del progreso. Hay indicios alentadores. En mi opini\u00f3n, el m\u00e1s importante est\u00e1 en los Presupuestos Generales del Estado que destinan, pr\u00e1cticamente, la misma cantidad de recursos al Corredor Atl\u00e1ntico que al Corredor Mediterr\u00e1neo. Si de alguna manera quedara garantizada la paridad entre los dos corredores, tendr\u00edamos mucho andado. Ahora bien, Asturias est\u00e1 ubicada en un ramal del Corredor Atl\u00e1ntico, el Corredor Noroeste que nos introduce en las grandes redes log\u00edsticas, junto con Galicia y el noroeste de la regi\u00f3n castellano leonesa. Formamos el eslab\u00f3n m\u00e1s d\u00e9bil de la cadena de corredores. En la actualidad tenemos aut\u00e9nticos obst\u00e1culos para integrarnos en la red por el retraso de nuestras infraestructuras. Es urgente concienciar a la sociedad. En las escuelas hay que introducir al Corredor Noroeste, aunque para ello sea preciso dar un curso de formaci\u00f3n a los maestros.<\/p>\n<nav class=\"v-d__btn-c\"><button class=\"v-btn v-btn-i v-btn-i--l v-btn--l v-btn--xl-xs v-mdl-b v-btn--cb7\"><span class=\"voc-number\">Comenta<\/span><\/button><button class=\"v-btn v-btn-i v-btn-i--l v-btn-bs v-btn-bs--cb7 v-mdl-b\"><\/button><\/nav>\n<!-- AddThis Advanced Settings generic via filter on the_content --><!-- AddThis Share Buttons generic via filter on the_content -->","protected":false},"excerpt":{"rendered":"<p>Presentaci\u00f3n en Gij\u00f3n de Jos\u00e9 Antonio Sebasti\u00e1n, comisionado del Corredor Atl\u00e1ntico. Para el acto se hab\u00edan mandado invitaciones a las once comunidades atravesadas por el corredor. En la ceremonia debut\u00f3 el nuevo secretario de Estado de Transportes, David Lucas, y tambi\u00e9n intervino el director general de Infraestructuras, Xavier Flores, que hace unas semanas se afanaba [&hellip;]<!-- AddThis Advanced Settings generic via filter on get_the_excerpt --><!-- AddThis Share Buttons generic via filter on get_the_excerpt --><\/p>\n","protected":false},"author":2,"featured_media":0,"comment_status":"open","ping_status":"open","sticky":false,"template":"","format":"standard","meta":[],"categories":[1],"tags":[],"_links":{"self":[{"href":"https:\/\/blogs.elcomercio.es\/largo_de_cafe\/wp-json\/wp\/v2\/posts\/9029"}],"collection":[{"href":"https:\/\/blogs.elcomercio.es\/largo_de_cafe\/wp-json\/wp\/v2\/posts"}],"about":[{"href":"https:\/\/blogs.elcomercio.es\/largo_de_cafe\/wp-json\/wp\/v2\/types\/post"}],"author":[{"embeddable":true,"href":"https:\/\/blogs.elcomercio.es\/largo_de_cafe\/wp-json\/wp\/v2\/users\/2"}],"replies":[{"embeddable":true,"href":"https:\/\/blogs.elcomercio.es\/largo_de_cafe\/wp-json\/wp\/v2\/comments?post=9029"}],"version-history":[{"count":1,"href":"https:\/\/blogs.elcomercio.es\/largo_de_cafe\/wp-json\/wp\/v2\/posts\/9029\/revisions"}],"predecessor-version":[{"id":9030,"href":"https:\/\/blogs.elcomercio.es\/largo_de_cafe\/wp-json\/wp\/v2\/posts\/9029\/revisions\/9030"}],"wp:attachment":[{"href":"https:\/\/blogs.elcomercio.es\/largo_de_cafe\/wp-json\/wp\/v2\/media?parent=9029"}],"wp:term":[{"taxonomy":"category","embeddable":true,"href":"https:\/\/blogs.elcomercio.es\/largo_de_cafe\/wp-json\/wp\/v2\/categories?post=9029"},{"taxonomy":"post_tag","embeddable":true,"href":"https:\/\/blogs.elcomercio.es\/largo_de_cafe\/wp-json\/wp\/v2\/tags?post=9029"}],"curies":[{"name":"wp","href":"https:\/\/api.w.org\/{rel}","templated":true}]}}