{"id":9066,"date":"2023-03-25T22:55:10","date_gmt":"2023-03-25T21:55:10","guid":{"rendered":"https:\/\/blogs.elcomercio.es\/largo_de_cafe\/?p=9066"},"modified":"2023-03-25T22:55:10","modified_gmt":"2023-03-25T21:55:10","slug":"mas-que-un-incendio","status":"publish","type":"post","link":"https:\/\/blogs.elcomercio.es\/largo_de_cafe\/2023\/03\/25\/mas-que-un-incendio\/","title":{"rendered":"M\u00c1S QUE UN INCENDIO"},"content":{"rendered":"<p class=\"v-p\">l incendio en el crisol del horno alto &#8216;A&#8217; de la factor\u00eda gijonesa de Arcelor ha obligado a parar la producci\u00f3n. En los hornos altos se produce arrabio, que es un estado intermedio dentro de la producci\u00f3n de acero o la fundici\u00f3n de hierro, a partir del mineral de hierro y el carb\u00f3n mineral. Las acer\u00edas se alimentan del arrabio, de modo que todos los productos sider\u00fargicos de las plantas asturianas necesitan del funcionamiento de los hornos altos. El horno alto &#8216;A&#8217; estuvo parado durante cinco meses y la empresa lo arranc\u00f3 el pasado mes de febrero, mandando una se\u00f1al de optimismo a los trabajadores de las plantas, a los proveedores y clientes de la empresa, as\u00ed como a todo el sector industrial asturiano que tiene en Arcelor su principal fuerza tractora. Siempre que arranca un horno hay alegr\u00eda en la regi\u00f3n.<\/p>\n<p class=\"v-p\">El accidente se produce unas semanas despu\u00e9s de que Bruselas diera luz verde a la reconversi\u00f3n de la planta gijonesa, que va a abandonar su tradicional forma de producci\u00f3n para pasar a fabricar acero verde. La descarbonizaci\u00f3n no se har\u00e1 de golpe; est\u00e1 prevista una fase en la que seguir\u00e1 con actividad el horno alto &#8216;B&#8217;. El plan inicial era contar con el horno alto &#8216;A&#8217; hasta 2024, pero no se descartaba mantenerlo en funcionamiento hasta 2026. Para apagarlo deber\u00eda antes acometerse la reforma de la acer\u00eda de Gij\u00f3n para instalar un horno de arco el\u00e9ctrico, que se alimenta de chatarra, y construir una planta de reducci\u00f3n directa del mineral de hierro. Esa planta que produce DRI alimentar\u00e1 las acer\u00edas de Gij\u00f3n y de Sestao (Vizcaya). Estos cambios suponen una transformaci\u00f3n profunda, un cambio de naturaleza, de la planta gijonesa, mientras el horno alto &#8216;B&#8217; producir\u00e1 arrabio para la acer\u00eda de Avil\u00e9s. Si todas estas transformaciones son complejas y caras, la cosa se complica m\u00e1s cuando se trata de ofrecer acero verde al mercado, lo que supone prescindir de la energ\u00eda el\u00e9ctrica convencional y generarla a partir de fuentes renovables y electrolizadores, lo que encarece fuertemente toda la producci\u00f3n de acero. Si la construcci\u00f3n de las infraestructuras tuviera como horizonte el a\u00f1o 2030 ser\u00eda plausible, pero lograr hacer gran parte de las transformaciones en dos a\u00f1os no deja de ser un reto.<\/p>\n<p class=\"v-p\">La cuesti\u00f3n se complica con el incendio de ayer por la tarde. \u00bfEs posible, y rentable, reparar el horno alto tras el da\u00f1o producido por las llamas? \u00bfEs mejor traer productos semielaborados desde otras factor\u00edas? Lo que est\u00e1 claro es que la reconversi\u00f3n sider\u00fargica carece de alternativa.<\/p>\n<p>&nbsp;<\/p>\n<!-- AddThis Advanced Settings generic via filter on the_content --><!-- AddThis Share Buttons generic via filter on the_content -->","protected":false},"excerpt":{"rendered":"<p>l incendio en el crisol del horno alto &#8216;A&#8217; de la factor\u00eda gijonesa de Arcelor ha obligado a parar la producci\u00f3n. En los hornos altos se produce arrabio, que es un estado intermedio dentro de la producci\u00f3n de acero o la fundici\u00f3n de hierro, a partir del mineral de hierro y el carb\u00f3n mineral. Las [&hellip;]<!-- AddThis Advanced Settings generic via filter on get_the_excerpt --><!-- AddThis Share Buttons generic via filter on get_the_excerpt --><\/p>\n","protected":false},"author":2,"featured_media":0,"comment_status":"open","ping_status":"open","sticky":false,"template":"","format":"standard","meta":[],"categories":[1],"tags":[],"_links":{"self":[{"href":"https:\/\/blogs.elcomercio.es\/largo_de_cafe\/wp-json\/wp\/v2\/posts\/9066"}],"collection":[{"href":"https:\/\/blogs.elcomercio.es\/largo_de_cafe\/wp-json\/wp\/v2\/posts"}],"about":[{"href":"https:\/\/blogs.elcomercio.es\/largo_de_cafe\/wp-json\/wp\/v2\/types\/post"}],"author":[{"embeddable":true,"href":"https:\/\/blogs.elcomercio.es\/largo_de_cafe\/wp-json\/wp\/v2\/users\/2"}],"replies":[{"embeddable":true,"href":"https:\/\/blogs.elcomercio.es\/largo_de_cafe\/wp-json\/wp\/v2\/comments?post=9066"}],"version-history":[{"count":1,"href":"https:\/\/blogs.elcomercio.es\/largo_de_cafe\/wp-json\/wp\/v2\/posts\/9066\/revisions"}],"predecessor-version":[{"id":9067,"href":"https:\/\/blogs.elcomercio.es\/largo_de_cafe\/wp-json\/wp\/v2\/posts\/9066\/revisions\/9067"}],"wp:attachment":[{"href":"https:\/\/blogs.elcomercio.es\/largo_de_cafe\/wp-json\/wp\/v2\/media?parent=9066"}],"wp:term":[{"taxonomy":"category","embeddable":true,"href":"https:\/\/blogs.elcomercio.es\/largo_de_cafe\/wp-json\/wp\/v2\/categories?post=9066"},{"taxonomy":"post_tag","embeddable":true,"href":"https:\/\/blogs.elcomercio.es\/largo_de_cafe\/wp-json\/wp\/v2\/tags?post=9066"}],"curies":[{"name":"wp","href":"https:\/\/api.w.org\/{rel}","templated":true}]}}