{"id":9072,"date":"2023-03-28T20:58:28","date_gmt":"2023-03-28T18:58:28","guid":{"rendered":"https:\/\/blogs.elcomercio.es\/largo_de_cafe\/?p=9072"},"modified":"2023-03-28T20:58:28","modified_gmt":"2023-03-28T18:58:28","slug":"mejorados-y-perjudicados","status":"publish","type":"post","link":"https:\/\/blogs.elcomercio.es\/largo_de_cafe\/2023\/03\/28\/mejorados-y-perjudicados\/","title":{"rendered":"MEJORADOS Y PERJUDICADOS"},"content":{"rendered":"<p class=\"v-p\">La fallida moci\u00f3n de censura del t\u00e1ndem, Tamames-Vox, no tiene inter\u00e9s en s\u00ed misma porque, como dijo Nicol\u00e1s Sartorius, la sesi\u00f3n fue \u00abuna censura de la moci\u00f3n\u00bb, pero s\u00ed adquiere valor puesta en la perspectiva de las elecciones del 28 de mayo. Un espect\u00e1culo televisado durante once horas (8,8 millones de espa\u00f1oles vieron al menos un minuto, lo que representa 3,2 millones m\u00e1s de los que presenciaron en 2020 la moci\u00f3n liderada por Abascal) incide en la carrera a las urnas y adelanta pistas sobre lo que va a ser la gran confrontaci\u00f3n electoral de diciembre.<\/p>\n<p class=\"v-p\">La sesi\u00f3n sigui\u00f3 un curso distinto de anteriores mociones de censura, ya que el candidato a presidente tom\u00f3 la palabra por primera vez a las dos horas y cuarenta minutos de haber empezado el debate. Antes de que Ram\u00f3n Tamames saludara a los diputados ya se hab\u00edan dicho de todo, por triplicado, Pedro S\u00e1nchez y Santiago Abascal.<\/p>\n<div class=\"v-c-cmp v-n-mrg\">\n<h3 class=\"v-d-cmp-sub-hl\">Extra\u00f1o<\/h3>\n<\/div>\n<p class=\"v-p\">Fue todo tan extra\u00f1o que el presidente censurado, en vez de estar presto para la defensa, hizo jornada de funcionario: a la tarde no fue al Congreso de los Diputados. Nadia Calvi\u00f1o, tan sumisa, no se atrevi\u00f3 a hacer como Soraya y colocar el bolso en la contigua butaca vac\u00eda.<\/p>\n<p class=\"v-p\">Tamames en ning\u00fan momento asumi\u00f3 el roll del candidato, limit\u00e1ndose a hacer una cr\u00edtica al Gobierno. De pasada cit\u00f3 un par de veces la necesidad de adelantar las elecciones generales, objeto central de la moci\u00f3n, tal como fue ideada por Vox. Su actuaci\u00f3n hubiera tenido encaje en calidad de experto invitado a una comisi\u00f3n parlamentaria, pero no como candidato a presidir el Gobierno de la naci\u00f3n.<\/p>\n<p class=\"v-p\">Cuando se desvirt\u00faa tanto la naturaleza de las instituciones la ceremonia se degrada, pasando a ser los proponentes v\u00edctimas del enredo creado por ellos mismos al ir a buscar a un jubilado a su casa para que lidere la naci\u00f3n. No quiero pasar por alto el trabajo preparatorio realizado entre la Presidencia de la C\u00e1mara y, supongo, que la Moncloa, al dise\u00f1ar un formato que estir\u00f3 la sesi\u00f3n de la ma\u00f1ana desde las nueve horas hasta las tres y veinte minutos de la tarde, momento en que Meritxell Batet tom\u00f3 la palabra para levantar la sesi\u00f3n y decir que segu\u00eda a las cuatro de la tarde: cuarenta minutos para comer y descansar. Y otro tanto en la sesi\u00f3n vespertina. Un marat\u00f3n para un anciano.<\/p>\n<p class=\"v-p\">Destacar\u00eda que Pedro S\u00e1nchez lee todas sus intervenciones, con r\u00e9plicas, d\u00faplicas y reconvenciones. Es llamativo que un se\u00f1or retirado de 89 a\u00f1os tenga m\u00e1s capacidad de improvisaci\u00f3n en el Parlamento que un presidente en activo de 51. Desde luego, Barb\u00f3n no pierde, aunque la ganancia es muy peque\u00f1a.<\/p>\n<div class=\"v-c-cmp v-n-mrg\">\n<h3 class=\"v-d-cmp-sub-hl\">Vox<\/h3>\n<\/div>\n<p class=\"v-p\">\u00bfQui\u00e9nes pagan los desperfectos de la fiesta? Sin duda, Santiago Abascal y Vox. A ellos solos se les ocurri\u00f3 montar, sin aliados, la segunda moci\u00f3n de censura de la legislatura con el \u00fanico prop\u00f3sito de adelantar siete meses las elecciones. Una frivolidad con la que quer\u00edan presionar a Feij\u00f3o que les arrebata electores en el espacio de la derecha, despu\u00e9s de haber transferido Ciudadanos todos sus votos al PP. La disparatada sesi\u00f3n parlamentaria donde Tamames cuestion\u00f3 los dogmas de Vox (inexistencia del cambio clim\u00e1tico) va a provocar malestar interno en el partido. El liderazgo de Abascal sale muy debilitado. No es una buena noticia para los afiliados asturianos de Vox que vieron c\u00f3mo a finales del pasado a\u00f1o les dec\u00eda adi\u00f3s Ignacio Blanco y, ahora, el m\u00e1ximo jefe arriesga y se equivoca.<\/p>\n<p class=\"v-p\">En teor\u00eda, Pedro S\u00e1nchez sale reforzado al ganar con un amplio margen la votaci\u00f3n de la moci\u00f3n, pero al ser todo un esperpento, y haberse abstenido el PP, la ganancia es m\u00e1s te\u00f3rica que real. Si hacemos abstracci\u00f3n del objetivo de la sesi\u00f3n y nos fijamos separadamente en las intervenciones del presidente, vemos que sigue vigente en sus discursos la estrategia de los bloques, de los buenos y de los malos. Se refiri\u00f3 mil veces a Rajoy y su neoliberalismo, como si estuvi\u00e9ramos hablando de dos sistemas opuestos de gobierno. Y por supuesto, siempre dispuesto a la demagogia con el crecimiento de la econom\u00eda espa\u00f1ola, obviando que en 2020 el PIB retrocedi\u00f3 el 11,3% y por eso Espa\u00f1a es el \u00fanico pa\u00eds de la eurozona que no recuper\u00f3 los niveles de PIB de 2019.<\/p>\n<div class=\"v-c-cmp v-n-mrg\">\n<h3 class=\"v-d-cmp-sub-hl\">Yolanda<\/h3>\n<\/div>\n<p class=\"v-p\">Gan\u00f3 enteros tras el debate Yolanda D\u00edaz, que ten\u00eda aprendido de memoria el discurso, salvo en los \u00faltimos veinte minutos (habl\u00f3 una hora y cinco minutos) que se entreg\u00f3 a la lectura. Llevaba meses y meses sin decir nada, aunque hablaba todos los d\u00edas. Hizo la intervenci\u00f3n que necesitaba para relanzar el marchito proyecto de Sumar, sobre la premisa de la apertura a la sociedad y el silenciamiento de los partidos. Irene Montero, con el gesto tenso y la mirada clavada en su rival, masticaba nueces a golpe de mand\u00edbula, como hace Carlo Ancelotti con el chicle cuando va perdiendo el Real Madrid.<\/p>\n<p class=\"v-p\">El avance de la vicepresidenta segunda favorece a la IU asturiana que tiene en ella la referencia nacional. Mal asunto para Podemos, sector oficial, que aqu\u00ed en Asturias est\u00e1 en una situaci\u00f3n cr\u00edtica tras la derrota de Rafael Palacios en Langreo. Este se\u00f1or ya concita la animadversi\u00f3n de toda la organizaci\u00f3n, excepci\u00f3n hecha, quiz\u00e1s, de las dirigentes que est\u00e1n de baja.<\/p>\n<p class=\"v-p\">\u00bfY el PP? Cuca Gamarra hizo una intervenci\u00f3n para cinco pelado y soy generoso. El Congreso de los Diputados no es el Ayuntamiento de Logro\u00f1o. Pero el PP sale, de rebote, beneficiado por el desastre de Vox. A ver si progresan Canga y su gente. En pol\u00edtica, como en la piragua, no es solo cuesti\u00f3n de fuerza: hay que aprovechar la corriente.<\/p>\n<p>&nbsp;<\/p>\n<!-- AddThis Advanced Settings generic via filter on the_content --><!-- AddThis Share Buttons generic via filter on the_content -->","protected":false},"excerpt":{"rendered":"<p>La fallida moci\u00f3n de censura del t\u00e1ndem, Tamames-Vox, no tiene inter\u00e9s en s\u00ed misma porque, como dijo Nicol\u00e1s Sartorius, la sesi\u00f3n fue \u00abuna censura de la moci\u00f3n\u00bb, pero s\u00ed adquiere valor puesta en la perspectiva de las elecciones del 28 de mayo. Un espect\u00e1culo televisado durante once horas (8,8 millones de espa\u00f1oles vieron al menos [&hellip;]<!-- AddThis Advanced Settings generic via filter on get_the_excerpt --><!-- AddThis Share Buttons generic via filter on get_the_excerpt --><\/p>\n","protected":false},"author":2,"featured_media":0,"comment_status":"open","ping_status":"open","sticky":false,"template":"","format":"standard","meta":[],"categories":[1],"tags":[],"_links":{"self":[{"href":"https:\/\/blogs.elcomercio.es\/largo_de_cafe\/wp-json\/wp\/v2\/posts\/9072"}],"collection":[{"href":"https:\/\/blogs.elcomercio.es\/largo_de_cafe\/wp-json\/wp\/v2\/posts"}],"about":[{"href":"https:\/\/blogs.elcomercio.es\/largo_de_cafe\/wp-json\/wp\/v2\/types\/post"}],"author":[{"embeddable":true,"href":"https:\/\/blogs.elcomercio.es\/largo_de_cafe\/wp-json\/wp\/v2\/users\/2"}],"replies":[{"embeddable":true,"href":"https:\/\/blogs.elcomercio.es\/largo_de_cafe\/wp-json\/wp\/v2\/comments?post=9072"}],"version-history":[{"count":1,"href":"https:\/\/blogs.elcomercio.es\/largo_de_cafe\/wp-json\/wp\/v2\/posts\/9072\/revisions"}],"predecessor-version":[{"id":9073,"href":"https:\/\/blogs.elcomercio.es\/largo_de_cafe\/wp-json\/wp\/v2\/posts\/9072\/revisions\/9073"}],"wp:attachment":[{"href":"https:\/\/blogs.elcomercio.es\/largo_de_cafe\/wp-json\/wp\/v2\/media?parent=9072"}],"wp:term":[{"taxonomy":"category","embeddable":true,"href":"https:\/\/blogs.elcomercio.es\/largo_de_cafe\/wp-json\/wp\/v2\/categories?post=9072"},{"taxonomy":"post_tag","embeddable":true,"href":"https:\/\/blogs.elcomercio.es\/largo_de_cafe\/wp-json\/wp\/v2\/tags?post=9072"}],"curies":[{"name":"wp","href":"https:\/\/api.w.org\/{rel}","templated":true}]}}