{"id":91,"date":"2007-09-28T00:42:31","date_gmt":"2007-09-28T00:42:31","guid":{"rendered":"http:\/\/blogs.elcomercio.es\/largo_de_cafe\/?p=91"},"modified":"2007-09-28T00:42:31","modified_gmt":"2007-09-28T00:42:31","slug":"guarderias-y-cheques","status":"publish","type":"post","link":"https:\/\/blogs.elcomercio.es\/largo_de_cafe\/2007\/09\/28\/guarderias-y-cheques\/","title":{"rendered":"GUARDER\u00cdAS Y CHEQUES"},"content":{"rendered":"<p>El Gobierno e IU han acordado dentro de la pol\u00edtica de apoyo a la familia realizar inversiones en guarder\u00edas para que todos los ni\u00f1os entre cero y tres a\u00f1os puedan tener plaza en uno de esos equipamientos infantiles. Se trata de una medida cl\u00e1sica dentro de la pol\u00edtica social, inspirada en la inversi\u00f3n en servicios p\u00fablicos para dar las mismas oportunidades a los ciudadanos con independencia de la renta que posean. Los ricos pagan m\u00e1s impuestos que los pobres, pero los hijos de ambos se sientan juntos sobre el suelo de corcho de las guarder\u00edas. Lo mismo cabe decir de los hospitales, los centros de salud, los colegios de primaria, los institutos, la universidad, los centros de d\u00eda, los geri\u00e1tricos, etc\u00e9tera.<br \/>\nLlama la atenci\u00f3n que esta medida se inserte dentro de la pol\u00edtica del cheque por beb\u00e9, cuando se trata de dos filosof\u00edas distintas. En el \u00faltimo debate sobre el Estado de la naci\u00f3n, Zapatero prometi\u00f3, inesperadamente, dar 2.500 euros a cada pareja que tenga un hijo (Areces vio la oportunidad y se sum\u00f3 al regalo con otros 500 euros), sin discriminar entre familias por raz\u00f3n de su renta. En vez de destinar recursos para fortalecer los servicios p\u00fablicos, Zapatero opt\u00f3 por la pol\u00edtica f\u00e1cil y populista de dar una alegr\u00eda a los padres de todo tipo de clases sociales. Tomar dinero de los Presupuestos Generales del Estado para dar ese premio a los padres de toda condici\u00f3n, no es, precisamente, una pol\u00edtica muy progresista. La generalizaci\u00f3n de las guarder\u00edas est\u00e1 bien, y mal la universalizaci\u00f3n de los premios por paternidad.<br \/>\nEl asunto se presta a otra consideraci\u00f3n pol\u00edtica, porque la red de guarder\u00edas viene avalada por el  PSOE  e IU. Este \u00faltimo partido es uno de los peque\u00f1os grupos que respaldan de Zapatero (2 diputados en Catalu\u00f1a y tres en el resto de Espa\u00f1a), aunque se pasa medio mandato despotricando contra el presidente por dejarse presionar por el PP. La cuesti\u00f3n est\u00e1 en saber si una medida semejante del presidente Areces ser\u00eda avalada por IU, o si rechazar\u00eda el apoyo al Gobierno regional hasta que vuelva a su seno. Esto lleva a otra consideraci\u00f3n m\u00e1s de fondo: \u00bfc\u00f3mo le habr\u00e1 sentado a Zapatero el divorcio de la izquierda asturiana?. El debate sobre el estado de la regi\u00f3n nos dar\u00e1 nuevas pistas.<\/p>\n<!-- AddThis Advanced Settings generic via filter on the_content --><!-- AddThis Share Buttons generic via filter on the_content -->","protected":false},"excerpt":{"rendered":"<p>El Gobierno e IU han acordado dentro de la pol\u00edtica de apoyo a la familia realizar inversiones en guarder\u00edas para que todos los ni\u00f1os entre cero y tres a\u00f1os puedan tener plaza en uno de esos equipamientos infantiles. Se trata de una medida cl\u00e1sica dentro de la pol\u00edtica social, inspirada en la inversi\u00f3n en servicios [&hellip;]<!-- AddThis Advanced Settings generic via filter on get_the_excerpt --><!-- AddThis Share Buttons generic via filter on get_the_excerpt --><\/p>\n","protected":false},"author":2,"featured_media":0,"comment_status":"open","ping_status":"closed","sticky":false,"template":"","format":"standard","meta":[],"categories":[4],"tags":[],"_links":{"self":[{"href":"https:\/\/blogs.elcomercio.es\/largo_de_cafe\/wp-json\/wp\/v2\/posts\/91"}],"collection":[{"href":"https:\/\/blogs.elcomercio.es\/largo_de_cafe\/wp-json\/wp\/v2\/posts"}],"about":[{"href":"https:\/\/blogs.elcomercio.es\/largo_de_cafe\/wp-json\/wp\/v2\/types\/post"}],"author":[{"embeddable":true,"href":"https:\/\/blogs.elcomercio.es\/largo_de_cafe\/wp-json\/wp\/v2\/users\/2"}],"replies":[{"embeddable":true,"href":"https:\/\/blogs.elcomercio.es\/largo_de_cafe\/wp-json\/wp\/v2\/comments?post=91"}],"version-history":[{"count":0,"href":"https:\/\/blogs.elcomercio.es\/largo_de_cafe\/wp-json\/wp\/v2\/posts\/91\/revisions"}],"wp:attachment":[{"href":"https:\/\/blogs.elcomercio.es\/largo_de_cafe\/wp-json\/wp\/v2\/media?parent=91"}],"wp:term":[{"taxonomy":"category","embeddable":true,"href":"https:\/\/blogs.elcomercio.es\/largo_de_cafe\/wp-json\/wp\/v2\/categories?post=91"},{"taxonomy":"post_tag","embeddable":true,"href":"https:\/\/blogs.elcomercio.es\/largo_de_cafe\/wp-json\/wp\/v2\/tags?post=91"}],"curies":[{"name":"wp","href":"https:\/\/api.w.org\/{rel}","templated":true}]}}