{"id":9101,"date":"2023-04-08T22:01:52","date_gmt":"2023-04-08T20:01:52","guid":{"rendered":"https:\/\/blogs.elcomercio.es\/largo_de_cafe\/?p=9101"},"modified":"2023-04-08T22:01:52","modified_gmt":"2023-04-08T20:01:52","slug":"los-matices-de-feijoo","status":"publish","type":"post","link":"https:\/\/blogs.elcomercio.es\/largo_de_cafe\/2023\/04\/08\/los-matices-de-feijoo\/","title":{"rendered":"LOS MATICES DE FEIJ\u00d3O"},"content":{"rendered":"<p class=\"v-p\">Visita de Feij\u00f3o a Gij\u00f3n para apoyar a los candidatos a presidir el Principado y el Ayuntamiento de la villa. Sobre los comicios auton\u00f3micos dijo que \u00abcreo mucho en las remontadas y en Asturias es posible\u00bb. Con sus palabras confirma lo que es un secreto a voces, que el PSOE va en las encuestas por delante del PP. No es una novedad. Si miramos hacia atr\u00e1s hay que retroceder hasta la primavera de 2011 para ver a la derecha por delante del PSOE en la mayor\u00eda de los sondeos, aunque el partido que los lideraba era el Foro de Cascos. Si las encuestas mostraran un equilibrio entre los dos principales partidos Feij\u00f3o se acoger\u00eda a la manida frase de \u00abel cambio es posible\u00bb. No hablar\u00eda de remontadas. Si el presidente del PP viera muy factible la victoria electoral hubiera dicho, \u00abel cambio es probable\u00bb. Todas estas conjeturas hay que pasarlas por el matiz de la idiosincrasia gallega de Feij\u00f3o, desbordante de escepticismo, que le impide hacer afirmaciones rotundas a favor de un candidato, sea del PP o del PSOE. Para un gallego del interior, cualquier hecho futuro se mueve entre el quiz\u00e1s y el posible.<\/p>\n<p class=\"v-p\">El dirigente gallego dijo que \u00abes posible ganar y gobernar\u00bb. Por supuesto que lo es, pero salvo en caso de errores garrafales de los rivales o el advenimiento de sucesos extraordinarios, las victorias no caen del cielo, responden a una l\u00f3gica. Quiz\u00e1s el aspecto central pasa por conectar con el electorado a trav\u00e9s de un argumento de peso o una idea-fuerza que haga deseable el triunfo del partido que lo defiende. Dos ejemplos. S\u00e1nchez gan\u00f3 las elecciones del 28 de abril de 2019 con el mensaje de evitar la llegada de la triple derecha (PP-Ciudados-Vox) al poder. La famosa foto de Col\u00f3n. Cascos gan\u00f3 en 2011, con el argumento de que el PSOE y el PP formaban dos caras de la misma moneda que trajo la decadencia a Asturias.<\/p>\n<p class=\"v-p\">Feij\u00f3o alab\u00f3 la decisi\u00f3n de Canga de abandonar Bruselas y venir a pelear por Asturias: \u00abHa dejado otros quehaceres profesionales m\u00e1s tranquilos, mejor retribuidos y con menores problemas\u00bb. Es cierto, gana m\u00e1s y vive mejor un alto funcionario europeo que el presidente del Principado, no obstante, quisiera a\u00f1adir algo, porque un argumento as\u00ed no lo escuch\u00e9 cuando, en 1981, Rajoy aparc\u00f3 su modus vivendi de registrador de la propiedad para ocupar un esca\u00f1o en el Parlamento gallego. Quiero decir que cuando repetimos este tipo de razonamientos, olvidamos que para un asturiano es un honor tan grande ser presidente del Principado que cualquier otro cargo se queda peque\u00f1o.<\/p>\n<p>&nbsp;<\/p>\n<!-- AddThis Advanced Settings generic via filter on the_content --><!-- AddThis Share Buttons generic via filter on the_content -->","protected":false},"excerpt":{"rendered":"<p>Visita de Feij\u00f3o a Gij\u00f3n para apoyar a los candidatos a presidir el Principado y el Ayuntamiento de la villa. Sobre los comicios auton\u00f3micos dijo que \u00abcreo mucho en las remontadas y en Asturias es posible\u00bb. Con sus palabras confirma lo que es un secreto a voces, que el PSOE va en las encuestas por [&hellip;]<!-- AddThis Advanced Settings generic via filter on get_the_excerpt --><!-- AddThis Share Buttons generic via filter on get_the_excerpt --><\/p>\n","protected":false},"author":2,"featured_media":0,"comment_status":"open","ping_status":"open","sticky":false,"template":"","format":"standard","meta":[],"categories":[1],"tags":[],"_links":{"self":[{"href":"https:\/\/blogs.elcomercio.es\/largo_de_cafe\/wp-json\/wp\/v2\/posts\/9101"}],"collection":[{"href":"https:\/\/blogs.elcomercio.es\/largo_de_cafe\/wp-json\/wp\/v2\/posts"}],"about":[{"href":"https:\/\/blogs.elcomercio.es\/largo_de_cafe\/wp-json\/wp\/v2\/types\/post"}],"author":[{"embeddable":true,"href":"https:\/\/blogs.elcomercio.es\/largo_de_cafe\/wp-json\/wp\/v2\/users\/2"}],"replies":[{"embeddable":true,"href":"https:\/\/blogs.elcomercio.es\/largo_de_cafe\/wp-json\/wp\/v2\/comments?post=9101"}],"version-history":[{"count":1,"href":"https:\/\/blogs.elcomercio.es\/largo_de_cafe\/wp-json\/wp\/v2\/posts\/9101\/revisions"}],"predecessor-version":[{"id":9102,"href":"https:\/\/blogs.elcomercio.es\/largo_de_cafe\/wp-json\/wp\/v2\/posts\/9101\/revisions\/9102"}],"wp:attachment":[{"href":"https:\/\/blogs.elcomercio.es\/largo_de_cafe\/wp-json\/wp\/v2\/media?parent=9101"}],"wp:term":[{"taxonomy":"category","embeddable":true,"href":"https:\/\/blogs.elcomercio.es\/largo_de_cafe\/wp-json\/wp\/v2\/categories?post=9101"},{"taxonomy":"post_tag","embeddable":true,"href":"https:\/\/blogs.elcomercio.es\/largo_de_cafe\/wp-json\/wp\/v2\/tags?post=9101"}],"curies":[{"name":"wp","href":"https:\/\/api.w.org\/{rel}","templated":true}]}}