{"id":9179,"date":"2023-05-10T22:54:00","date_gmt":"2023-05-10T20:54:00","guid":{"rendered":"https:\/\/blogs.elcomercio.es\/largo_de_cafe\/?p=9179"},"modified":"2023-05-10T22:54:00","modified_gmt":"2023-05-10T20:54:00","slug":"por-exigencia-democratica","status":"publish","type":"post","link":"https:\/\/blogs.elcomercio.es\/largo_de_cafe\/2023\/05\/10\/por-exigencia-democratica\/","title":{"rendered":"POR EXIGENCIA DEMOCR\u00c1TICA"},"content":{"rendered":"<p class=\"v-p\">Hay 123.201 emigrantes que tienen derecho al voto en Asturias. Aunque la mayor\u00eda pertenecen a la circunscripci\u00f3n central (68.618), donde tienen m\u00e1s posibilidades de influir en la elecci\u00f3n de diputados es en las circunscripciones oriental y occidental, sobre todo en la primera, ya que representan el 30% del censo. \u00bfC\u00f3mo creci\u00f3 tanto el porcentaje? La respuesta es simple: por el despoblamiento del territorio.<\/p>\n<p class=\"v-p\">Hasta la fecha el voto de la emigraci\u00f3n fue absorbido por el sistema electoral sin grandes cuestionamientos. Durante muchos a\u00f1os se dio por sentado que apenas ten\u00eda influencia en el reparto de esca\u00f1os. Una idea muy extendida que ha hecho que s\u00f3lo el PSOE trabajara los grandes nichos de la emigraci\u00f3n asturiana, que tienen en Argentina, M\u00e9xico y Cuba sus principales referencias. En Europa, el m\u00e1s destacado es B\u00e9lgica, aunque lejos de los anteriores.<\/p>\n<p class=\"v-p\">La supuesta intranscendencia del voto de la emigraci\u00f3n se vino abajo en las elecciones auton\u00f3micas del 25 de marzo de 2012, cuando el voto en las urnas de la regi\u00f3n dio mayor\u00eda al centro derecha (Foro, 13 y PP, 10). Tres d\u00edas m\u00e1s tarde se abrieron las sacas del voto emigrante y en la circunscripci\u00f3n occidental, donde el PSOE estaba a menos de 200 votos de ara\u00f1ar un diputado a Foro, logr\u00f3 imponerse por 52 papeletas de diferencia. El asunto fue muy pol\u00e9mico porque llegaron votos directos fuera de la valija diplom\u00e1tica que se mezclaron al hacer el recuento, pudiendo alterar el resultado. El Tribunal Superior de Justicia de Asturias (TSJA) declar\u00f3 nulo el voto emigrante y orden\u00f3 repetir los comicios en la circunscripci\u00f3n occidental, en tres meses, por falta de garant\u00edas. Luego, el Tribunal Constitucional acept\u00f3 el recurso de los socialistas contra la resoluci\u00f3n del TSJA y el esca\u00f1o fue para el PSOE. Dejo fuera de este recordatorio todo lo que se coment\u00f3, entre bastidores, sobre el recuento del voto en el ala occidental.<\/p>\n<p class=\"v-p\">En los \u00faltimos diez a\u00f1os el derecho al voto de los emigrantes ha aumentado y en esta campa\u00f1a hemos visto c\u00f3mo el candidato del PP, Diego Canga, hizo dos viajes a Hispanoam\u00e9rica para lograr lo que \u00e9l llama \u00abun plus\u00bb. El PSOE, por su parte, tiene muy trabajado el voto del exterior. El peligro est\u00e1, en la actualidad, en el censo inflado del voto emigrante, al abrir la Ley de Memoria Democr\u00e1tica la espita para que muchos nacionales de otros pa\u00edses puedan participar como si fueran asturianos, por el hecho de tener un abuelo asturiano que se exili\u00f3. Urge aclarar esta cuesti\u00f3n por razones de exigencia democr\u00e1tica.<\/p>\n<p>&nbsp;<\/p>\n<!-- AddThis Advanced Settings generic via filter on the_content --><!-- AddThis Share Buttons generic via filter on the_content -->","protected":false},"excerpt":{"rendered":"<p>Hay 123.201 emigrantes que tienen derecho al voto en Asturias. Aunque la mayor\u00eda pertenecen a la circunscripci\u00f3n central (68.618), donde tienen m\u00e1s posibilidades de influir en la elecci\u00f3n de diputados es en las circunscripciones oriental y occidental, sobre todo en la primera, ya que representan el 30% del censo. \u00bfC\u00f3mo creci\u00f3 tanto el porcentaje? La [&hellip;]<!-- AddThis Advanced Settings generic via filter on get_the_excerpt --><!-- AddThis Share Buttons generic via filter on get_the_excerpt --><\/p>\n","protected":false},"author":2,"featured_media":0,"comment_status":"open","ping_status":"open","sticky":false,"template":"","format":"standard","meta":[],"categories":[1],"tags":[],"_links":{"self":[{"href":"https:\/\/blogs.elcomercio.es\/largo_de_cafe\/wp-json\/wp\/v2\/posts\/9179"}],"collection":[{"href":"https:\/\/blogs.elcomercio.es\/largo_de_cafe\/wp-json\/wp\/v2\/posts"}],"about":[{"href":"https:\/\/blogs.elcomercio.es\/largo_de_cafe\/wp-json\/wp\/v2\/types\/post"}],"author":[{"embeddable":true,"href":"https:\/\/blogs.elcomercio.es\/largo_de_cafe\/wp-json\/wp\/v2\/users\/2"}],"replies":[{"embeddable":true,"href":"https:\/\/blogs.elcomercio.es\/largo_de_cafe\/wp-json\/wp\/v2\/comments?post=9179"}],"version-history":[{"count":1,"href":"https:\/\/blogs.elcomercio.es\/largo_de_cafe\/wp-json\/wp\/v2\/posts\/9179\/revisions"}],"predecessor-version":[{"id":9180,"href":"https:\/\/blogs.elcomercio.es\/largo_de_cafe\/wp-json\/wp\/v2\/posts\/9179\/revisions\/9180"}],"wp:attachment":[{"href":"https:\/\/blogs.elcomercio.es\/largo_de_cafe\/wp-json\/wp\/v2\/media?parent=9179"}],"wp:term":[{"taxonomy":"category","embeddable":true,"href":"https:\/\/blogs.elcomercio.es\/largo_de_cafe\/wp-json\/wp\/v2\/categories?post=9179"},{"taxonomy":"post_tag","embeddable":true,"href":"https:\/\/blogs.elcomercio.es\/largo_de_cafe\/wp-json\/wp\/v2\/tags?post=9179"}],"curies":[{"name":"wp","href":"https:\/\/api.w.org\/{rel}","templated":true}]}}