{"id":9181,"date":"2023-05-11T23:09:49","date_gmt":"2023-05-11T21:09:49","guid":{"rendered":"https:\/\/blogs.elcomercio.es\/largo_de_cafe\/?p=9181"},"modified":"2023-05-11T23:09:49","modified_gmt":"2023-05-11T21:09:49","slug":"por-el-merito-del-abuelo","status":"publish","type":"post","link":"https:\/\/blogs.elcomercio.es\/largo_de_cafe\/2023\/05\/11\/por-el-merito-del-abuelo\/","title":{"rendered":"POR EL MERITO DEL ABUELO"},"content":{"rendered":"<p class=\"v-p\">Desde Gij\u00f3n, Adri\u00e1n Barb\u00f3n volvi\u00f3 a referirse a su proyecto de reforma de la Ley Electoral para crear una cuarta circunscripci\u00f3n que aglutine a todos los ciudadanos que viven fuera de Espa\u00f1a y tengan derecho a participar en las elecciones auton\u00f3micas asturianas. De lograr su aprobaci\u00f3n en la pr\u00f3xima legislatura, habr\u00e1 cuatro circunscripciones en Asturias: Central, Oriental, Occidental y Asturianos en el Exterior. Es curioso que a los asturianos que vivimos, trabajamos, pagamos impuestos y consumimos en la regi\u00f3n, a la hora de votar nos separen en tres territorios, cada uno con sus propias listas de candidatos a diputados. Sin embargo, a un ampl\u00edsimo grupo de ciudadanos diseminado por el ancho mundo, algunos asturianos y otros nacionales de otros pa\u00edses, incluidos en el censo electoral porque uno de sus cuatro abuelos fue un exiliado asturiano, los juntan y crean para todos ellos una circunscripci\u00f3n. Da igual que est\u00e9n en Austria o en Australia, que vivan en Colombia o en Polonia, el caso es que la pol\u00edtica del Principado los va a agrupar y poner bajo la direcci\u00f3n del diputado que van a elegir entre todos ellos, bien separado de los otros 44 que elegimos los asturianos que pagamos con nuestros impuestos toda esta fiesta.<\/p>\n<p class=\"v-p\">Lo m\u00e1s llamativo de la intervenci\u00f3n del presidente del Principado estuvo en la justificaci\u00f3n de la cuarta circunscripci\u00f3n. Tras recordar lo obvio, que hay asturianos fuera de Espa\u00f1a por razones de trabajo, se refiri\u00f3 a los exiliados y a su comportamiento leal a la Rep\u00fablica, enlaz\u00e1ndolo con los descendientes del exilio; se\u00f1al\u00f3 que, para hacer justicia, al derecho a votar que ya tienen se va a a\u00f1adir el derecho a tener un representante asegurado en la Junta General del Principado. As\u00ed aportamos desde el Principado una novedad al constitucionalismo, al crear el derecho a tener un trato preferencial en las elecciones por el comportamiento meritorio de un abuelo. Si entramos por esa senda, acabar\u00e1n llegando nietos de brigadistas internacionales, desde cualquier parte del mundo, y tambi\u00e9n obtendr\u00e1n prima electoral.<\/p>\n<p class=\"v-p\">Recuperemos el sentido com\u00fan. Por culpa de la Ley de Memoria Democr\u00e1tica tenemos un problema en el censo electoral, que est\u00e1 creciendo a pasos agigantados con nacionales de otros pa\u00edses que no tienen vinculaci\u00f3n real con Asturias. Si adem\u00e1s creamos una circunscripci\u00f3n artificial para asegurar que estar\u00e1n espec\u00edficamente representados en el Parlamento por razones hist\u00f3ricas, el resultado de las urnas estar\u00e1 sesgado.<\/p>\n<p>&nbsp;<\/p>\n<!-- AddThis Advanced Settings generic via filter on the_content --><!-- AddThis Share Buttons generic via filter on the_content -->","protected":false},"excerpt":{"rendered":"<p>Desde Gij\u00f3n, Adri\u00e1n Barb\u00f3n volvi\u00f3 a referirse a su proyecto de reforma de la Ley Electoral para crear una cuarta circunscripci\u00f3n que aglutine a todos los ciudadanos que viven fuera de Espa\u00f1a y tengan derecho a participar en las elecciones auton\u00f3micas asturianas. De lograr su aprobaci\u00f3n en la pr\u00f3xima legislatura, habr\u00e1 cuatro circunscripciones en Asturias: [&hellip;]<!-- AddThis Advanced Settings generic via filter on get_the_excerpt --><!-- AddThis Share Buttons generic via filter on get_the_excerpt --><\/p>\n","protected":false},"author":2,"featured_media":0,"comment_status":"open","ping_status":"open","sticky":false,"template":"","format":"standard","meta":[],"categories":[1],"tags":[],"_links":{"self":[{"href":"https:\/\/blogs.elcomercio.es\/largo_de_cafe\/wp-json\/wp\/v2\/posts\/9181"}],"collection":[{"href":"https:\/\/blogs.elcomercio.es\/largo_de_cafe\/wp-json\/wp\/v2\/posts"}],"about":[{"href":"https:\/\/blogs.elcomercio.es\/largo_de_cafe\/wp-json\/wp\/v2\/types\/post"}],"author":[{"embeddable":true,"href":"https:\/\/blogs.elcomercio.es\/largo_de_cafe\/wp-json\/wp\/v2\/users\/2"}],"replies":[{"embeddable":true,"href":"https:\/\/blogs.elcomercio.es\/largo_de_cafe\/wp-json\/wp\/v2\/comments?post=9181"}],"version-history":[{"count":2,"href":"https:\/\/blogs.elcomercio.es\/largo_de_cafe\/wp-json\/wp\/v2\/posts\/9181\/revisions"}],"predecessor-version":[{"id":9183,"href":"https:\/\/blogs.elcomercio.es\/largo_de_cafe\/wp-json\/wp\/v2\/posts\/9181\/revisions\/9183"}],"wp:attachment":[{"href":"https:\/\/blogs.elcomercio.es\/largo_de_cafe\/wp-json\/wp\/v2\/media?parent=9181"}],"wp:term":[{"taxonomy":"category","embeddable":true,"href":"https:\/\/blogs.elcomercio.es\/largo_de_cafe\/wp-json\/wp\/v2\/categories?post=9181"},{"taxonomy":"post_tag","embeddable":true,"href":"https:\/\/blogs.elcomercio.es\/largo_de_cafe\/wp-json\/wp\/v2\/tags?post=9181"}],"curies":[{"name":"wp","href":"https:\/\/api.w.org\/{rel}","templated":true}]}}