{"id":92,"date":"2007-09-29T00:20:15","date_gmt":"2007-09-29T00:20:15","guid":{"rendered":"http:\/\/blogs.elcomercio.es\/largo_de_cafe\/?p=92"},"modified":"2007-09-29T00:20:15","modified_gmt":"2007-09-29T00:20:15","slug":"los-trozos-del-jarron","status":"publish","type":"post","link":"https:\/\/blogs.elcomercio.es\/largo_de_cafe\/2007\/09\/29\/los-trozos-del-jarron\/","title":{"rendered":"LOS TROZOS DEL JARR\u00d3N"},"content":{"rendered":"<p>    El portavoz del PP en el Congreso de los Diputados, Eduardo Zaplana, ha dado su opini\u00f3n sobre la situaci\u00f3n creada en la organizaci\u00f3n asturiana de su partido con el abandono de Alicia Castro. Zaplana le ha pedido a la diputada asturiana que siga con sus labores parlamentarias hasta el fin de la legislatura, deseo que ha acompa\u00f1ado con una valoraci\u00f3n muy positiva del trabajo realizado por Alicia Castro. La diputada hab\u00eda resaltado, en su despedida, el apoyo recibido de Zaplana, y ahora el portavoz devuelve los parabienes.<br \/>\n    Como pol\u00edtico avezado, Zaplana ha se\u00f1alado, tambi\u00e9n, la fortaleza extraordinaria del PP asturiano, atribuyendo a Ovidio S\u00e1nchez el estado \u00f3ptimo en el que se encuentra la organizaci\u00f3n regional. As\u00ed habla un pol\u00edtico profesional: qu\u00e9 buenos son los que marchan, qu\u00e9 buenos son los que se quedan, y qu\u00e9 formidable es la gente de mi partido. Alicia hab\u00eda dirigido los dardos sobre Ovidio, pero Zaplana es capaz de unir el blanco y el negro sin incurrir en contradicci\u00f3n: todos los m\u00edos valen mucho.<br \/>\n      La organizaci\u00f3n asturiana del PP nunca goz\u00f3 de una gran solidez. Cuando logr\u00f3 hacerse con el Gobierno asturiano, all\u00e1 por la d\u00e9cada de los a\u00f1os noventa, tuvo la oportunidad de crecer como partido, cuando un grupo significativo de los cuadros de la Administraci\u00f3n regional se apuntaron al partido del poder. En aquella \u00e9poca, Rozada mandaba en la sede del partido y Marqu\u00e9s en el Gobierno, pero nunca formaron una bicefalia bien avenida. Rozada hab\u00eda perdido las elecciones auton\u00f3micas y se encontr\u00f3 con que su sucesor era el presidente de los asturianos. Hubo un congreso regional del PP que brind\u00f3 la ocasi\u00f3n para que hubiera operaci\u00f3n relevo, pero no s\u00f3lo no se produjo, sino que poco tiempo despu\u00e9s empez\u00f3 la crisis interna. Desde entonces, la organizaci\u00f3n regional del PP no est\u00e1 unida ni desunida, porque simplemente no existe como colectivo regional, siendo una mera agregaci\u00f3n de juntas locales. Por eso se habla de la posibilidad de que los de Oviedo o los de Gij\u00f3n impongan a su candidato para encabezar la lista al Congreso de los Diputados. El PP tiene muchos m\u00e1s votos que fuerza org\u00e1nica. La tarea pendiente del PP es unir los concejos del mapa, como se unen los trozos de un jarr\u00f3n roto hace diez a\u00f1os.    <\/p>\n<!-- AddThis Advanced Settings generic via filter on the_content --><!-- AddThis Share Buttons generic via filter on the_content -->","protected":false},"excerpt":{"rendered":"<p>El portavoz del PP en el Congreso de los Diputados, Eduardo Zaplana, ha dado su opini\u00f3n sobre la situaci\u00f3n creada en la organizaci\u00f3n asturiana de su partido con el abandono de Alicia Castro. Zaplana le ha pedido a la diputada asturiana que siga con sus labores parlamentarias hasta el fin de la legislatura, deseo que [&hellip;]<!-- AddThis Advanced Settings generic via filter on get_the_excerpt --><!-- AddThis Share Buttons generic via filter on get_the_excerpt --><\/p>\n","protected":false},"author":2,"featured_media":0,"comment_status":"open","ping_status":"closed","sticky":false,"template":"","format":"standard","meta":[],"categories":[4],"tags":[],"_links":{"self":[{"href":"https:\/\/blogs.elcomercio.es\/largo_de_cafe\/wp-json\/wp\/v2\/posts\/92"}],"collection":[{"href":"https:\/\/blogs.elcomercio.es\/largo_de_cafe\/wp-json\/wp\/v2\/posts"}],"about":[{"href":"https:\/\/blogs.elcomercio.es\/largo_de_cafe\/wp-json\/wp\/v2\/types\/post"}],"author":[{"embeddable":true,"href":"https:\/\/blogs.elcomercio.es\/largo_de_cafe\/wp-json\/wp\/v2\/users\/2"}],"replies":[{"embeddable":true,"href":"https:\/\/blogs.elcomercio.es\/largo_de_cafe\/wp-json\/wp\/v2\/comments?post=92"}],"version-history":[{"count":0,"href":"https:\/\/blogs.elcomercio.es\/largo_de_cafe\/wp-json\/wp\/v2\/posts\/92\/revisions"}],"wp:attachment":[{"href":"https:\/\/blogs.elcomercio.es\/largo_de_cafe\/wp-json\/wp\/v2\/media?parent=92"}],"wp:term":[{"taxonomy":"category","embeddable":true,"href":"https:\/\/blogs.elcomercio.es\/largo_de_cafe\/wp-json\/wp\/v2\/categories?post=92"},{"taxonomy":"post_tag","embeddable":true,"href":"https:\/\/blogs.elcomercio.es\/largo_de_cafe\/wp-json\/wp\/v2\/tags?post=92"}],"curies":[{"name":"wp","href":"https:\/\/api.w.org\/{rel}","templated":true}]}}