{"id":9214,"date":"2023-05-24T23:07:10","date_gmt":"2023-05-24T21:07:10","guid":{"rendered":"https:\/\/blogs.elcomercio.es\/largo_de_cafe\/?p=9214"},"modified":"2023-05-24T23:07:10","modified_gmt":"2023-05-24T21:07:10","slug":"ultimas-oportunidades","status":"publish","type":"post","link":"https:\/\/blogs.elcomercio.es\/largo_de_cafe\/2023\/05\/24\/ultimas-oportunidades\/","title":{"rendered":"\u00daLTIMAS OPORTUNIDADES"},"content":{"rendered":"<p class=\"v-p\">Adri\u00e1n Barb\u00f3n encara la \u00faltima semana con ventaja demosc\u00f3pica. S\u00f3lo teme la desmovilizaci\u00f3n de su electorado al verlo ganador. Opta para combatir el exceso de confianza metiendo miedo con el espantajo del Gobierno, PP-Vox, una coalici\u00f3n mucho m\u00e1s improbable que la suya con otros partidos de la izquierda. El plato fuerte socialista se servir\u00e1 el mi\u00e9rcoles, en Gij\u00f3n, cuando se celebre el mitin central de campa\u00f1a, con la presencia de Pedro S\u00e1nchez. \u00bfHar\u00e1 alg\u00fan anuncio el presidente del Gobierno? Me malicio pensando que nos d\u00e9 la primicia de sacar al lobo del listado de especies protegidas.<\/p>\n<p class=\"v-p\">El PP se dedicar\u00e1 con m\u00e1s intensidad en la zona central, donde est\u00e1n en juego 34 esca\u00f1os. Los argumentos principales de la campa\u00f1a de Diego Canga est\u00e1n en las propuestas contra el declive demogr\u00e1fico, los fondos europeos o el empleo. No obstante, imagino que esta semana insistir\u00e1 en la cuesti\u00f3n del voto \u00fatil. A Barb\u00f3n le preocupa la desmovilizaci\u00f3n del electorado y a Canga la dispersi\u00f3n del voto de la derecha. Es una cuesti\u00f3n de l\u00f3gica, la izquierda tiene tres candidaturas y la derecha cuatro. Cualquier jefe de campa\u00f1a hubiera enfocado el discurso electoral en esa direcci\u00f3n desde el primer d\u00eda. Una cosa es que la derecha reciba menos votos y otra que disperse los sufragios.<\/p>\n<p class=\"v-p\">La candidata de Podemos, Covadonga Tom\u00e9, est\u00e1 en una situaci\u00f3n muy especial, desconectada del aparato. Sin dinero y medios materiales, s\u00f3lo queda ir picando puerta a puerta. Eso va a hacer Covadonga Tom\u00e9 por centros de trabajo, entre ellos, un encuentro con trabajadores de Arcelor. Por cierto, ayer me mand\u00f3 un amigo una foto del acto central de Podemos del fin de semana, en el que me pareci\u00f3 ver al dirigente de Castilla y Le\u00f3n, Pablo Fern\u00e1ndez, acompa\u00f1ado del aparato. Cont\u00e9 39 personas, aunque podr\u00eda haber alguna m\u00e1s.<\/p>\n<p class=\"v-p\">IU-Convocatoria por Asturias va a centrar el trabajo de la semana en la zona central. Ovidio Zapico estuvo el otro d\u00eda en Avil\u00e9s y volver\u00e1 otras dos veces. IU comparte candidatura con Cambia Avil\u00e9s. El jueves vi fotos de Sara Retuerto (Cambia Avil\u00e9s) y Zapico compartiendo farola. Zapico no le tiene miedo a un gobierno de derechas, porque lo juzga imposible, pero pide para Asturias un gobierno como el de Madrid.<\/p>\n<p class=\"v-p\">La baza de Adri\u00e1n Pumares (Foro) es la de colocarse a rebufo de la candidatura de Carmen Moriy\u00f3n en Gij\u00f3n. Puro realismo. Carolina L\u00f3pez (Vox) va hacia arriba. Cogi\u00f3 la bandera que despreci\u00f3 toda la oposici\u00f3n: el rechazo a la oficialidad del bable y el eonaviego. Ese caladero de votos es para Vox. A ello suma la defensa del medio rural. Una oferta n\u00edtida.<\/p>\n<p>&nbsp;<\/p>\n<!-- AddThis Advanced Settings generic via filter on the_content --><!-- AddThis Share Buttons generic via filter on the_content -->","protected":false},"excerpt":{"rendered":"<p>Adri\u00e1n Barb\u00f3n encara la \u00faltima semana con ventaja demosc\u00f3pica. S\u00f3lo teme la desmovilizaci\u00f3n de su electorado al verlo ganador. Opta para combatir el exceso de confianza metiendo miedo con el espantajo del Gobierno, PP-Vox, una coalici\u00f3n mucho m\u00e1s improbable que la suya con otros partidos de la izquierda. El plato fuerte socialista se servir\u00e1 el [&hellip;]<!-- AddThis Advanced Settings generic via filter on get_the_excerpt --><!-- AddThis Share Buttons generic via filter on get_the_excerpt --><\/p>\n","protected":false},"author":2,"featured_media":0,"comment_status":"open","ping_status":"open","sticky":false,"template":"","format":"standard","meta":[],"categories":[1],"tags":[],"_links":{"self":[{"href":"https:\/\/blogs.elcomercio.es\/largo_de_cafe\/wp-json\/wp\/v2\/posts\/9214"}],"collection":[{"href":"https:\/\/blogs.elcomercio.es\/largo_de_cafe\/wp-json\/wp\/v2\/posts"}],"about":[{"href":"https:\/\/blogs.elcomercio.es\/largo_de_cafe\/wp-json\/wp\/v2\/types\/post"}],"author":[{"embeddable":true,"href":"https:\/\/blogs.elcomercio.es\/largo_de_cafe\/wp-json\/wp\/v2\/users\/2"}],"replies":[{"embeddable":true,"href":"https:\/\/blogs.elcomercio.es\/largo_de_cafe\/wp-json\/wp\/v2\/comments?post=9214"}],"version-history":[{"count":1,"href":"https:\/\/blogs.elcomercio.es\/largo_de_cafe\/wp-json\/wp\/v2\/posts\/9214\/revisions"}],"predecessor-version":[{"id":9215,"href":"https:\/\/blogs.elcomercio.es\/largo_de_cafe\/wp-json\/wp\/v2\/posts\/9214\/revisions\/9215"}],"wp:attachment":[{"href":"https:\/\/blogs.elcomercio.es\/largo_de_cafe\/wp-json\/wp\/v2\/media?parent=9214"}],"wp:term":[{"taxonomy":"category","embeddable":true,"href":"https:\/\/blogs.elcomercio.es\/largo_de_cafe\/wp-json\/wp\/v2\/categories?post=9214"},{"taxonomy":"post_tag","embeddable":true,"href":"https:\/\/blogs.elcomercio.es\/largo_de_cafe\/wp-json\/wp\/v2\/tags?post=9214"}],"curies":[{"name":"wp","href":"https:\/\/api.w.org\/{rel}","templated":true}]}}