{"id":9230,"date":"2023-05-31T22:35:29","date_gmt":"2023-05-31T20:35:29","guid":{"rendered":"https:\/\/blogs.elcomercio.es\/largo_de_cafe\/?p=9230"},"modified":"2023-05-31T22:35:29","modified_gmt":"2023-05-31T20:35:29","slug":"las-fuerzas-se-nivelan","status":"publish","type":"post","link":"https:\/\/blogs.elcomercio.es\/largo_de_cafe\/2023\/05\/31\/las-fuerzas-se-nivelan\/","title":{"rendered":"LAS FUERZAS SE NIVELAN"},"content":{"rendered":"<p class=\"v-p\">Cuando empiezo a escribir son las once y media de la noche, el PSOE tiene 19 esca\u00f1os y el PP, 17. Ceder s\u00f3lo un diputado tras gobernar en solitario cuatro a\u00f1os es un balance que para s\u00ed quisieran algunos presidentes auton\u00f3micos que hoy se han quedado sin carro y sin cargo. Adri\u00e1n Barb\u00f3n tiene garantizado otros cuatro a\u00f1os en el poder si las fuerzas de izquierda mantienen un nivel m\u00ednimo de acuerdos. La debilidad de la izquierda se ha mostrado por el flanco esperado, vestido de morado. Podemos, pese a los intentos denodados de Covadonga Tom\u00e9 haciendo campa\u00f1a a horas intempestivas al visitar a trabajadores de turno nocturno, se ha despe\u00f1ado. Podemos es el gran derrotado de la doble cita electoral, auton\u00f3mica y municipal. Curiosamente, la mayor ganancia electoral, a la izquierda, corresponde a IU, que avanza en el Parlamento y en los ayuntamientos. El trabajo inteligente y sin fuegos artificiales de Ovidio Zapico fue recompensado por los electores.<\/p>\n<p class=\"v-p\">En la derecha, el avance del PP es el que se\u00f1alaba la encuesta publicada por EL COMERCIO el 14 de mayo, al adelantar que contar\u00eda con 17 esca\u00f1os. El aumento es del 70% sobre los resultados obtenidos por Teresa Mallada en 2019. Las dudas sobre la idoneidad de Diego Canga para ejecutar el encargo realizado por N\u00fa\u00f1ez Feij\u00f3o se han disipado. No s\u00f3lo absorbi\u00f3 los cinco diputados de Ciudadanos, sino que tambi\u00e9n ampli\u00f3 la cuota parlamentaria con votos que hab\u00edan ido hace cuatro a\u00f1os a otros grupos. Ahora bien, el balance como derecha, o centro derecha, deja un sabor agridulce, pese al salto de Vox, de dos a cuatro diputados. La desaparici\u00f3n de Ciudadanos y la p\u00e9rdida de Foro, de uno de sus dos esca\u00f1os, aplaza, otra vez, la posibilidad de alcanzar el gobierno. No obstante, lo que s\u00ed se recuper\u00f3 es un equilibrio de fuerzas, como lo hubo en 2012, cuando los dos bloques quedaron separados por un diputado. Pasado el momento de la confrontaci\u00f3n electoral, el centro derecha, como las distintas izquierdas, est\u00e1 llamados a entenderse. A partir de ahora se desarrollar\u00e1 la pol\u00edtica en otro escenario parlamentario, marcado por el avance del bipartidismo: de 45 esca\u00f1os, 36 est\u00e1n en manos del PSOE y del PP.<\/p>\n<p class=\"v-p\">En la escala municipal hay que destacar el avance del PP e IU. Las plazas fuertes de occidente, menos Vald\u00e9s, son para el PP. En el c\u00f3mputo general sigue mandando el PSOE, pero con p\u00e9rdidas sensibles, como Gij\u00f3n, que ya anuncio que ser\u00e1 el laboratorio sobre la posibilidad de entenderse gobernando juntos los grupos de derechas.<\/p>\n<p>&nbsp;<\/p>\n<!-- AddThis Advanced Settings generic via filter on the_content --><!-- AddThis Share Buttons generic via filter on the_content -->","protected":false},"excerpt":{"rendered":"<p>Cuando empiezo a escribir son las once y media de la noche, el PSOE tiene 19 esca\u00f1os y el PP, 17. Ceder s\u00f3lo un diputado tras gobernar en solitario cuatro a\u00f1os es un balance que para s\u00ed quisieran algunos presidentes auton\u00f3micos que hoy se han quedado sin carro y sin cargo. Adri\u00e1n Barb\u00f3n tiene garantizado [&hellip;]<!-- AddThis Advanced Settings generic via filter on get_the_excerpt --><!-- AddThis Share Buttons generic via filter on get_the_excerpt --><\/p>\n","protected":false},"author":2,"featured_media":0,"comment_status":"open","ping_status":"open","sticky":false,"template":"","format":"standard","meta":[],"categories":[1],"tags":[],"_links":{"self":[{"href":"https:\/\/blogs.elcomercio.es\/largo_de_cafe\/wp-json\/wp\/v2\/posts\/9230"}],"collection":[{"href":"https:\/\/blogs.elcomercio.es\/largo_de_cafe\/wp-json\/wp\/v2\/posts"}],"about":[{"href":"https:\/\/blogs.elcomercio.es\/largo_de_cafe\/wp-json\/wp\/v2\/types\/post"}],"author":[{"embeddable":true,"href":"https:\/\/blogs.elcomercio.es\/largo_de_cafe\/wp-json\/wp\/v2\/users\/2"}],"replies":[{"embeddable":true,"href":"https:\/\/blogs.elcomercio.es\/largo_de_cafe\/wp-json\/wp\/v2\/comments?post=9230"}],"version-history":[{"count":1,"href":"https:\/\/blogs.elcomercio.es\/largo_de_cafe\/wp-json\/wp\/v2\/posts\/9230\/revisions"}],"predecessor-version":[{"id":9231,"href":"https:\/\/blogs.elcomercio.es\/largo_de_cafe\/wp-json\/wp\/v2\/posts\/9230\/revisions\/9231"}],"wp:attachment":[{"href":"https:\/\/blogs.elcomercio.es\/largo_de_cafe\/wp-json\/wp\/v2\/media?parent=9230"}],"wp:term":[{"taxonomy":"category","embeddable":true,"href":"https:\/\/blogs.elcomercio.es\/largo_de_cafe\/wp-json\/wp\/v2\/categories?post=9230"},{"taxonomy":"post_tag","embeddable":true,"href":"https:\/\/blogs.elcomercio.es\/largo_de_cafe\/wp-json\/wp\/v2\/tags?post=9230"}],"curies":[{"name":"wp","href":"https:\/\/api.w.org\/{rel}","templated":true}]}}