{"id":9233,"date":"2023-06-01T23:01:52","date_gmt":"2023-06-01T21:01:52","guid":{"rendered":"https:\/\/blogs.elcomercio.es\/largo_de_cafe\/?p=9233"},"modified":"2023-06-01T23:01:52","modified_gmt":"2023-06-01T21:01:52","slug":"dos-rutas-para-gobernar","status":"publish","type":"post","link":"https:\/\/blogs.elcomercio.es\/largo_de_cafe\/2023\/06\/01\/dos-rutas-para-gobernar\/","title":{"rendered":"DOS RUTAS PARA GOBERNAR"},"content":{"rendered":"<p class=\"v-p\">Pedro S\u00e1nchez realiz\u00f3 un anuncio inesperado, al adelantar las elecciones generales para el domingo 23 de julio. Durante el puente que precede al d\u00eda de Santiago -festividad en Galicia, Madrid, Pa\u00eds Vasco y Navarra- se llama a votar a 36 millones de personas. Con medio pa\u00eds de vacaciones, habr\u00e1 que recurrir de forma masiva a la pr\u00e1ctica del voto por correo, de la que ya tuvimos un ensayo general en las \u00faltimas semanas. Una buena fecha para parar a la derecha y a la ultraderecha, como dice el presidente.<\/p>\n<p class=\"v-p\">Desde una perspectiva pol\u00edtica, Pedro S\u00e1nchez asume que la victoria holgada del PP en los comicios auton\u00f3micos y municipales supone una moci\u00f3n de censura a su Gobierno y pone fin a la legislatura. Aunque hay quien piensa que va de cabeza al matadero, de momento ha evitado que durante semanas giren los comentarios sobre la derrota, como paso previo a la imparable crisis del Gobierno PSOE-Podemos. Puede que la maniobra s\u00f3lo anticipe el fin de su etapa como gobernante, pero en pol\u00edtica llevar la iniciativa, cambiar la agenda a los rivales, es una baza.<\/p>\n<p class=\"v-p\">Asturias llega a las elecciones generales tras el gran test de las auton\u00f3micas y municipales. Adri\u00e1n Barb\u00f3n gan\u00f3 los comicios gracias a la escasa erosi\u00f3n sufrida en el mandato. Tras una legislatura convulsa ha perdido un esca\u00f1o. S\u00f3lo Garc\u00eda-Page, en Castilla-La Mancha, obtuvo un mejor resultado entre los presidentes socialistas. En 2019, Barb\u00f3n alcanz\u00f3 20 esca\u00f1os a lomos del &#8216;sanchismo&#8217;, mientras que ahora logr\u00f3 19 por su popularidad (una gran ventaja sobre el resto de candidatos) y la forma de relacionarse con la sociedad.<\/p>\n<div class=\"v-c-cmp v-n-mrg\">\n<h3 class=\"v-d-cmp-sub-hl\">Flancos<\/h3>\n<\/div>\n<p class=\"v-p\">IU ten\u00eda la mitad de diputados que Podemos en el \u00faltimo mandato, y tras el domingo triplica en esca\u00f1os a los podemitas. En las elecciones municipales IU gan\u00f3 otra vez en nueve ayuntamientos, entre ellos, Mieres y Langreo. La trayectoria de An\u00edbal V\u00e1zquez (Mieres) es de r\u00e9cord: cuatro mandatos y tres mayor\u00edas absolutas. Un pol\u00edtico que gana en dos tiempos, primero por su humanidad y, luego, por su gesti\u00f3n. IU logr\u00f3 121 concejales, mientras que Podemos obtuvo 5. No hay duda de cu\u00e1l es la segunda fuerza de la izquierda en la regi\u00f3n.<\/p>\n<div class=\"v-c-cmp v-n-mrg\">\n<h3 class=\"v-d-cmp-sub-hl\">Brecha<\/h3>\n<\/div>\n<p class=\"v-p\">Ciudadanos se qued\u00f3 en cero y Foro logr\u00f3 un diputado, que le permiti\u00f3 respirar aliviado, aunque sigue su tendencia descendente, desde los 16 diputados de 2011 hasta este celebrado esca\u00f1o del grupo mixto.<\/p>\n<p class=\"v-p\">La gobernabilidad tendr\u00e1 dos rutas en manos de Adri\u00e1n Barb\u00f3n. Las dos pasan por el acuerdo con IU. A partir de ah\u00ed deber\u00e1 buscar el apoyo de Podemos o de Foro. O de los dos. \u00bfCabe la entente con el PP de Canga? No es f\u00e1cil, pero con un pol\u00edtico de Bruselas, qui\u00e9n sabe.<\/p>\n<div class=\"v-c-cmp v-n-mrg\">\n<h3 class=\"v-d-cmp-sub-hl\">Gij\u00f3n<\/h3>\n<\/div>\n<p class=\"v-p\">Tras las elecciones del domingo se perfila m\u00e1s el modelo del bipartidismo. En Asturias, los a\u00f1os del bipartidismo inclu\u00edan a IU en el juego de fuerzas, por eso habl\u00e1bamos en aquella \u00e9poca del tri\u00e1ngulo asturiano, una f\u00f3rmula que garantiz\u00f3 la gobernabilidad de la regi\u00f3n. Ahora hay m\u00e1s partidos, no ser\u00e1 tan f\u00e1cil.<\/p>\n<p class=\"v-p\">Es tiempo, tambi\u00e9n, de observar fen\u00f3menos locales. La extraordinaria resistencia del socialismo de Avil\u00e9s, que apenas acusa desgaste en cuatro d\u00e9cadas de gobierno. O el pragmatismo del alcalde de Siero, \u00c1ngel Garc\u00eda, &#8216;Cepi&#8217;, un tipo de ideas tan claras que, aunque es del PSOE, dice que \u00abest\u00e1 muy c\u00f3modo a la derecha de la izquierda\u00bb. Festej\u00f3 la mayor\u00eda absoluta agitando una botella de cava, como Fernando Alonso.<\/p>\n<p>&nbsp;<\/p>\n<!-- AddThis Advanced Settings generic via filter on the_content --><!-- AddThis Share Buttons generic via filter on the_content -->","protected":false},"excerpt":{"rendered":"<p>Pedro S\u00e1nchez realiz\u00f3 un anuncio inesperado, al adelantar las elecciones generales para el domingo 23 de julio. Durante el puente que precede al d\u00eda de Santiago -festividad en Galicia, Madrid, Pa\u00eds Vasco y Navarra- se llama a votar a 36 millones de personas. Con medio pa\u00eds de vacaciones, habr\u00e1 que recurrir de forma masiva a [&hellip;]<!-- AddThis Advanced Settings generic via filter on get_the_excerpt --><!-- AddThis Share Buttons generic via filter on get_the_excerpt --><\/p>\n","protected":false},"author":2,"featured_media":0,"comment_status":"open","ping_status":"open","sticky":false,"template":"","format":"standard","meta":[],"categories":[1],"tags":[],"_links":{"self":[{"href":"https:\/\/blogs.elcomercio.es\/largo_de_cafe\/wp-json\/wp\/v2\/posts\/9233"}],"collection":[{"href":"https:\/\/blogs.elcomercio.es\/largo_de_cafe\/wp-json\/wp\/v2\/posts"}],"about":[{"href":"https:\/\/blogs.elcomercio.es\/largo_de_cafe\/wp-json\/wp\/v2\/types\/post"}],"author":[{"embeddable":true,"href":"https:\/\/blogs.elcomercio.es\/largo_de_cafe\/wp-json\/wp\/v2\/users\/2"}],"replies":[{"embeddable":true,"href":"https:\/\/blogs.elcomercio.es\/largo_de_cafe\/wp-json\/wp\/v2\/comments?post=9233"}],"version-history":[{"count":1,"href":"https:\/\/blogs.elcomercio.es\/largo_de_cafe\/wp-json\/wp\/v2\/posts\/9233\/revisions"}],"predecessor-version":[{"id":9234,"href":"https:\/\/blogs.elcomercio.es\/largo_de_cafe\/wp-json\/wp\/v2\/posts\/9233\/revisions\/9234"}],"wp:attachment":[{"href":"https:\/\/blogs.elcomercio.es\/largo_de_cafe\/wp-json\/wp\/v2\/media?parent=9233"}],"wp:term":[{"taxonomy":"category","embeddable":true,"href":"https:\/\/blogs.elcomercio.es\/largo_de_cafe\/wp-json\/wp\/v2\/categories?post=9233"},{"taxonomy":"post_tag","embeddable":true,"href":"https:\/\/blogs.elcomercio.es\/largo_de_cafe\/wp-json\/wp\/v2\/tags?post=9233"}],"curies":[{"name":"wp","href":"https:\/\/api.w.org\/{rel}","templated":true}]}}