{"id":9261,"date":"2023-06-13T00:21:21","date_gmt":"2023-06-12T22:21:21","guid":{"rendered":"https:\/\/blogs.elcomercio.es\/largo_de_cafe\/?p=9261"},"modified":"2023-06-13T00:21:21","modified_gmt":"2023-06-12T22:21:21","slug":"el-cambalache","status":"publish","type":"post","link":"https:\/\/blogs.elcomercio.es\/largo_de_cafe\/2023\/06\/13\/el-cambalache\/","title":{"rendered":"EL CAMBALACHE"},"content":{"rendered":"<p class=\"v-p\">Las pruebas de la Evaluaci\u00f3n del Bachillerato para el Acceso a la Universidad (EBAU) han despertado m\u00e1s expectaci\u00f3n que nunca. El pasado a\u00f1o, en la Universidad de Oviedo superaron la EBAU el 96,67% de los alumnos, marcando un nuevo r\u00e9cord. S\u00f3lo en la Universidad de Murcia hubo un mayor porcentaje de aprobados. Este a\u00f1o, en el camino hacia la excelencia ha surgido un obst\u00e1culo: la prueba de Qu\u00edmica. Entre los alumnos las quejas son un\u00e1nimes. Tres ejemplos. Una alumna del instituto del Valle del Nal\u00f3n afirmaba: \u00abFue demasiado complicado, nos ha hundido\u00bb. Otra, de Mieres: \u00abCuando me dieron el examen pens\u00e9 que me hab\u00edan dado uno de otra materia\u00bb. Un tercero puso el dedo en la llaga: \u00abLo t\u00edpico es preguntar por las reacciones redox (oxidaci\u00f3n-reducci\u00f3n) o por la electr\u00f3lisis, pero nos hicieron la faena\u00bb. Los directores de los centros cierran filas con sus alumnos: \u00abVamos a mirar la prueba con la responsable del \u00e1rea\u00bb, \u00abhubo muchos cambios, en anteriores convocatorias era asequible y predecible y se ha convertido en algo inesperado\u00bb, \u00aba algunos alumnos, con ex\u00e1menes tan complicados, se les puede hacer una jugada muy seria\u00bb. Conclusi\u00f3n: cuando un examen no resulta satisfactorio para una mayor\u00eda del alumnado, la culpa es siempre del examinador. Pregunta de un observador despistado: \u00bfc\u00f3mo puede ser que entre las consecuencias negativas del examen de Qu\u00edmica no se encuentre el suspenso de los alumnos? Sus quejas y lamentos no lo contemplan.<\/p>\n<p class=\"v-p\">Por si hubiera alguna duda, el rector de la Universidad, Ignacio Villaverde, tranquiliz\u00f3 a los alumnos: \u00abM\u00e1s all\u00e1 del susto inicial, estoy seguro de que luego no va a tener mayor repercusi\u00f3n en la nota final de los estudiantes\u00bb. Los anima a reclamar: \u00abTienen la v\u00eda del recurso que nosotros atendemos r\u00e1pidamente y siempre con una cierta generosidad\u00bb. Traducido, t\u00fa reclamas y nosotros levantamos la mano; la Qu\u00edmica no te va a impedir que tengas una nota alt\u00edsima para poder estudiar esa carrera donde la nota de corte fue de 13,354 (sobre 14) el pasado a\u00f1o.<\/p>\n<p class=\"v-p\">El negocio est\u00e1 montado as\u00ed. El curr\u00edculo de Secundaria est\u00e1 aligerado de contenido, como el de Primaria. La nota de los institutos est\u00e1 inflada: un tercio de los alumnos de Bachillerato llegaron con sobresaliente de media a la EBAU, en 2022. Lo nunca visto. La Universidad necesita alumnos para mantener los grados, as\u00ed que lo mejor es abrir las puertas de par en par. En medio de esta operaci\u00f3n de maquillaje aparece un profesor de Qu\u00edmica, ajeno al cambalache, y saltan los plomos.<\/p>\n<p>&nbsp;<\/p>\n<!-- AddThis Advanced Settings generic via filter on the_content --><!-- AddThis Share Buttons generic via filter on the_content -->","protected":false},"excerpt":{"rendered":"<p>Las pruebas de la Evaluaci\u00f3n del Bachillerato para el Acceso a la Universidad (EBAU) han despertado m\u00e1s expectaci\u00f3n que nunca. El pasado a\u00f1o, en la Universidad de Oviedo superaron la EBAU el 96,67% de los alumnos, marcando un nuevo r\u00e9cord. S\u00f3lo en la Universidad de Murcia hubo un mayor porcentaje de aprobados. Este a\u00f1o, en [&hellip;]<!-- AddThis Advanced Settings generic via filter on get_the_excerpt --><!-- AddThis Share Buttons generic via filter on get_the_excerpt --><\/p>\n","protected":false},"author":2,"featured_media":0,"comment_status":"open","ping_status":"open","sticky":false,"template":"","format":"standard","meta":[],"categories":[1],"tags":[],"_links":{"self":[{"href":"https:\/\/blogs.elcomercio.es\/largo_de_cafe\/wp-json\/wp\/v2\/posts\/9261"}],"collection":[{"href":"https:\/\/blogs.elcomercio.es\/largo_de_cafe\/wp-json\/wp\/v2\/posts"}],"about":[{"href":"https:\/\/blogs.elcomercio.es\/largo_de_cafe\/wp-json\/wp\/v2\/types\/post"}],"author":[{"embeddable":true,"href":"https:\/\/blogs.elcomercio.es\/largo_de_cafe\/wp-json\/wp\/v2\/users\/2"}],"replies":[{"embeddable":true,"href":"https:\/\/blogs.elcomercio.es\/largo_de_cafe\/wp-json\/wp\/v2\/comments?post=9261"}],"version-history":[{"count":1,"href":"https:\/\/blogs.elcomercio.es\/largo_de_cafe\/wp-json\/wp\/v2\/posts\/9261\/revisions"}],"predecessor-version":[{"id":9262,"href":"https:\/\/blogs.elcomercio.es\/largo_de_cafe\/wp-json\/wp\/v2\/posts\/9261\/revisions\/9262"}],"wp:attachment":[{"href":"https:\/\/blogs.elcomercio.es\/largo_de_cafe\/wp-json\/wp\/v2\/media?parent=9261"}],"wp:term":[{"taxonomy":"category","embeddable":true,"href":"https:\/\/blogs.elcomercio.es\/largo_de_cafe\/wp-json\/wp\/v2\/categories?post=9261"},{"taxonomy":"post_tag","embeddable":true,"href":"https:\/\/blogs.elcomercio.es\/largo_de_cafe\/wp-json\/wp\/v2\/tags?post=9261"}],"curies":[{"name":"wp","href":"https:\/\/api.w.org\/{rel}","templated":true}]}}