{"id":9273,"date":"2023-06-17T23:47:40","date_gmt":"2023-06-17T21:47:40","guid":{"rendered":"https:\/\/blogs.elcomercio.es\/largo_de_cafe\/?p=9273"},"modified":"2023-06-17T23:47:40","modified_gmt":"2023-06-17T21:47:40","slug":"nombres-de-siempre","status":"publish","type":"post","link":"https:\/\/blogs.elcomercio.es\/largo_de_cafe\/2023\/06\/17\/nombres-de-siempre\/","title":{"rendered":"NOMBRES DE SIEMPRE"},"content":{"rendered":"<p class=\"v-p\">El PP dio a conocer sus candidaturas en Asturias. Ya sab\u00edamos que la primera de la lista a la C\u00e1mara Baja era Esther Llamazares y, ahora, conocemos que de n\u00famero dos ir\u00e1 Mercedes Fern\u00e1ndez. En el Senado el primer nombre es Pablo Gonz\u00e1lez y en segundo lugar ir\u00e1 Teresa Mallada. Lo primero que me vino a la cabeza al saber qui\u00e9nes son los afortunados fue la reflexi\u00f3n de Diego Canga, el cinco de junio, ante la Junta Directiva Regional del PP: \u00abNo voy a pedir a nadie que se vaya, pero en la vida hay que pensar a veces en dar un paso al lado para dejar que gente m\u00e1s joven vaya ascendiendo\u00bb. Luego fue m\u00e1s concreto: \u00abPido una reflexi\u00f3n a los veteranos que llevan mucho tiempo en los mismos puestos\u00bb. Algo pas\u00f3 entre el cinco y el catorce de junio para que los que tienen m\u00e1s trienios sigan copando los principales puestos de la candidatura.<\/p>\n<p class=\"v-p\">No tengo ninguna aversi\u00f3n ante el llamado &#8216;pol\u00edtico profesional&#8217;. Tengo muchos m\u00e1s prejuicios ante los pol\u00edticos amateur que se ponen a gestionar sin saber nada de la materia. Nunca se resalta que el pol\u00edtico aficionado est\u00e1 totalmente en manos de los funcionarios. Tengo un mont\u00f3n de an\u00e9cdotas ilustrativas al respecto, algunas de gran patetismo. Ahora bien, no se puede estar diciendo todo el d\u00eda que el PP tiene una gran cantera, que los j\u00f3venes \u00abno son el futuro, son el presente\u00bb, y al leer la alineaci\u00f3n ves que vuelven a jugar Arconada, Butrague\u00f1o y Asensi.<\/p>\n<p class=\"v-p\">Me llama la atenci\u00f3n el periplo de Pablo Gonz\u00e1lez en el primer semestre. En enero, como presidente del PP de Gij\u00f3n, dio a conocer que quer\u00eda ser candidato a la Alcald\u00eda. Una aspiraci\u00f3n normal. En febrero, desde la direcci\u00f3n regional se empez\u00f3 a desde\u00f1ar su nombre porque no sal\u00eda bien parado en las encuestas. Cuando los aparatos hablan as\u00ed, m\u00e1s que datos manejan bulos. Ca\u00eddo de la lista local, en primavera resurgi\u00f3, con fuerza, en la candidatura regional. \u00bfLas encuestas auton\u00f3micas le eran favorables? Pablo Gonz\u00e1lez fue en cuarto lugar en la lista encabezada por Canga. En 2019 hab\u00eda ocupado el tercer puesto. Fue el \u00fanico de los cuatro primeros nombres de hace cuatro a\u00f1os que se mantuvo en los puestos de cabeza. Y, ahora, como broche a un semestre agitado, encabeza la papeleta del Senado. Imagino que los sondeos le son favorables. Compruebo que la estrategia de Feij\u00f3o para las candidaturas es como la de S\u00e1nchez: meter a amigos y enemigos en las listas para que todos luchen por obtener votos. Uno repesca a \u00c1balos y el otro a Mallada. La clave es el trabajo de equipo, aunque algunos tengan que entenderse por se\u00f1as.<\/p>\n<p>&nbsp;<\/p>\n<!-- AddThis Advanced Settings generic via filter on the_content --><!-- AddThis Share Buttons generic via filter on the_content -->","protected":false},"excerpt":{"rendered":"<p>El PP dio a conocer sus candidaturas en Asturias. Ya sab\u00edamos que la primera de la lista a la C\u00e1mara Baja era Esther Llamazares y, ahora, conocemos que de n\u00famero dos ir\u00e1 Mercedes Fern\u00e1ndez. En el Senado el primer nombre es Pablo Gonz\u00e1lez y en segundo lugar ir\u00e1 Teresa Mallada. Lo primero que me vino [&hellip;]<!-- AddThis Advanced Settings generic via filter on get_the_excerpt --><!-- AddThis Share Buttons generic via filter on get_the_excerpt --><\/p>\n","protected":false},"author":2,"featured_media":0,"comment_status":"open","ping_status":"open","sticky":false,"template":"","format":"standard","meta":[],"categories":[1],"tags":[],"_links":{"self":[{"href":"https:\/\/blogs.elcomercio.es\/largo_de_cafe\/wp-json\/wp\/v2\/posts\/9273"}],"collection":[{"href":"https:\/\/blogs.elcomercio.es\/largo_de_cafe\/wp-json\/wp\/v2\/posts"}],"about":[{"href":"https:\/\/blogs.elcomercio.es\/largo_de_cafe\/wp-json\/wp\/v2\/types\/post"}],"author":[{"embeddable":true,"href":"https:\/\/blogs.elcomercio.es\/largo_de_cafe\/wp-json\/wp\/v2\/users\/2"}],"replies":[{"embeddable":true,"href":"https:\/\/blogs.elcomercio.es\/largo_de_cafe\/wp-json\/wp\/v2\/comments?post=9273"}],"version-history":[{"count":1,"href":"https:\/\/blogs.elcomercio.es\/largo_de_cafe\/wp-json\/wp\/v2\/posts\/9273\/revisions"}],"predecessor-version":[{"id":9274,"href":"https:\/\/blogs.elcomercio.es\/largo_de_cafe\/wp-json\/wp\/v2\/posts\/9273\/revisions\/9274"}],"wp:attachment":[{"href":"https:\/\/blogs.elcomercio.es\/largo_de_cafe\/wp-json\/wp\/v2\/media?parent=9273"}],"wp:term":[{"taxonomy":"category","embeddable":true,"href":"https:\/\/blogs.elcomercio.es\/largo_de_cafe\/wp-json\/wp\/v2\/categories?post=9273"},{"taxonomy":"post_tag","embeddable":true,"href":"https:\/\/blogs.elcomercio.es\/largo_de_cafe\/wp-json\/wp\/v2\/tags?post=9273"}],"curies":[{"name":"wp","href":"https:\/\/api.w.org\/{rel}","templated":true}]}}