{"id":9288,"date":"2023-06-23T21:56:32","date_gmt":"2023-06-23T19:56:32","guid":{"rendered":"https:\/\/blogs.elcomercio.es\/largo_de_cafe\/?p=9288"},"modified":"2023-06-23T21:56:32","modified_gmt":"2023-06-23T19:56:32","slug":"cofino-cambio-de-planes","status":"publish","type":"post","link":"https:\/\/blogs.elcomercio.es\/largo_de_cafe\/2023\/06\/23\/cofino-cambio-de-planes\/","title":{"rendered":"COFI\u00d1O, CAMBIO DE PLANES"},"content":{"rendered":"<p class=\"v-p\">Adri\u00e1n Barb\u00f3n ha comunicado a la direcci\u00f3n de la FSA que Juan Cofi\u00f1o ser\u00e1 el candidato socialista para presidir la Junta General del Principado. Es, sin duda, la noticia m\u00e1s relevante de la pol\u00edtica regional desde la celebraci\u00f3n de las elecciones del pasado 28 de mayo. No estaba en los planes iniciales enviar a Cofi\u00f1o a presidir la C\u00e1mara, una actividad para la que ya demostraron suficiente competencia todos los diputados que recibieron ese encargo. Barb\u00f3n lo llam\u00f3 en 2019 para ser vicepresidente y asumir la direcci\u00f3n de la mayor\u00eda de los asuntos de gobierno. Un consejero del Principado me dec\u00eda un d\u00eda que, incluso, en las reuniones para confeccionar el presupuesto regional, con la consejera de Hacienda presente, Cofi\u00f1o era el que aprobaba o rechazaba los gastos que resultaban m\u00e1s discutibles.<\/p>\n<p class=\"v-p\">Hubo cambio de planes. Es obvio. El vicepresidente era partidario de no dejar desatendido el espacio del centro para evitar que el PP lo ocupara. El resultado electoral vino a avalar su tesis. Manten\u00eda fluidas relaciones con Ciudadanos y tensas con IU. El mayor conflicto surgi\u00f3 en la tramitaci\u00f3n parlamentaria de la Ley de Calidad Ambiental. En la campa\u00f1a electoral Ovidio Zapico asegur\u00f3 que la norma se modificar\u00e1 si el Gobierno quiere pactar con IU. En las urnas, Ciudadanos desapareci\u00f3 e IU creci\u00f3. La aritm\u00e9tica parlamentaria manda e IU es el socio preferente del Gobierno de Barb\u00f3n. No tiene sustituto, porque m\u00e1s all\u00e1 del PSOE e IU, s\u00f3lo est\u00e1 el esca\u00f1o de Podemos. La posici\u00f3n del vicepresidente ante los grupos a la izquierda del PSOE ten\u00eda un fondo estrat\u00e9gico, no era un asunto accidental. Dicho todo lo anterior, supongo que Barb\u00f3n y Cofi\u00f1o habr\u00e1n hablado para elegir la mejor opci\u00f3n. La pasada semana Barb\u00f3n declaraba que \u00abCofi\u00f1o ser\u00e1 lo que quiera ser\u00bb. Ya qued\u00f3 desvelado.<\/p>\n<p class=\"v-p\">La soluci\u00f3n alcanzada habla del pragmatismo del PSOE, pero todo tiene un coste. El Ejecutivo de Barb\u00f3n tiene un d\u00e9ficit de peso pol\u00edtico. Cofi\u00f1o no era un simple &#8216;primus inter pares&#8217;. El presidente tendr\u00e1 que abordar una reforma profunda del Gobierno, porque se marcha uno que vale por seis. En cada legislatura la calidad de los gobiernos baja. Es una constante. Imagino que en ello influyen hasta las retribuciones. Una persona con un buen curr\u00edculo no va a trabajar por 60.000 euros brutos a una &#8217;empresa&#8217; que est\u00e1 muy mal valorada por la opini\u00f3n p\u00fablica. En las pr\u00f3ximas semanas le tocar\u00e1 a Barb\u00f3n realizar la tarea m\u00e1s dif\u00edcil del mandato: formar un equipo competente. No es necesario que todos sean del Nal\u00f3n.<\/p>\n<p>&nbsp;<\/p>\n<!-- AddThis Advanced Settings generic via filter on the_content --><!-- AddThis Share Buttons generic via filter on the_content -->","protected":false},"excerpt":{"rendered":"<p>Adri\u00e1n Barb\u00f3n ha comunicado a la direcci\u00f3n de la FSA que Juan Cofi\u00f1o ser\u00e1 el candidato socialista para presidir la Junta General del Principado. Es, sin duda, la noticia m\u00e1s relevante de la pol\u00edtica regional desde la celebraci\u00f3n de las elecciones del pasado 28 de mayo. No estaba en los planes iniciales enviar a Cofi\u00f1o [&hellip;]<!-- AddThis Advanced Settings generic via filter on get_the_excerpt --><!-- AddThis Share Buttons generic via filter on get_the_excerpt --><\/p>\n","protected":false},"author":2,"featured_media":0,"comment_status":"open","ping_status":"open","sticky":false,"template":"","format":"standard","meta":[],"categories":[1],"tags":[],"_links":{"self":[{"href":"https:\/\/blogs.elcomercio.es\/largo_de_cafe\/wp-json\/wp\/v2\/posts\/9288"}],"collection":[{"href":"https:\/\/blogs.elcomercio.es\/largo_de_cafe\/wp-json\/wp\/v2\/posts"}],"about":[{"href":"https:\/\/blogs.elcomercio.es\/largo_de_cafe\/wp-json\/wp\/v2\/types\/post"}],"author":[{"embeddable":true,"href":"https:\/\/blogs.elcomercio.es\/largo_de_cafe\/wp-json\/wp\/v2\/users\/2"}],"replies":[{"embeddable":true,"href":"https:\/\/blogs.elcomercio.es\/largo_de_cafe\/wp-json\/wp\/v2\/comments?post=9288"}],"version-history":[{"count":1,"href":"https:\/\/blogs.elcomercio.es\/largo_de_cafe\/wp-json\/wp\/v2\/posts\/9288\/revisions"}],"predecessor-version":[{"id":9289,"href":"https:\/\/blogs.elcomercio.es\/largo_de_cafe\/wp-json\/wp\/v2\/posts\/9288\/revisions\/9289"}],"wp:attachment":[{"href":"https:\/\/blogs.elcomercio.es\/largo_de_cafe\/wp-json\/wp\/v2\/media?parent=9288"}],"wp:term":[{"taxonomy":"category","embeddable":true,"href":"https:\/\/blogs.elcomercio.es\/largo_de_cafe\/wp-json\/wp\/v2\/categories?post=9288"},{"taxonomy":"post_tag","embeddable":true,"href":"https:\/\/blogs.elcomercio.es\/largo_de_cafe\/wp-json\/wp\/v2\/tags?post=9288"}],"curies":[{"name":"wp","href":"https:\/\/api.w.org\/{rel}","templated":true}]}}