{"id":93,"date":"2007-09-30T00:11:22","date_gmt":"2007-09-30T00:11:22","guid":{"rendered":"http:\/\/blogs.elcomercio.es\/largo_de_cafe\/?p=93"},"modified":"2007-09-30T00:11:22","modified_gmt":"2007-09-30T00:11:22","slug":"el-drenaje-del-estado","status":"publish","type":"post","link":"https:\/\/blogs.elcomercio.es\/largo_de_cafe\/2007\/09\/30\/el-drenaje-del-estado\/","title":{"rendered":"EL DRENAJE DEL ESTADO"},"content":{"rendered":"<p><strong> La consulta de Ibarretxe y las cuotas presupuestarias de catalanes y andaluces agrietan el territorio com\u00fan <\/strong><br \/>\nEl lehendakari ha resucitado el \u201cplan Ibarretxe\u201d, casi tres a\u00f1os despu\u00e9s de que fuera rechazado en el Congreso de los Diputados y derrotado en las urnas vascas, al perder tres esca\u00f1os y 140.000 votos, en las elecciones auton\u00f3micas del 17 de abril de 2005, a las que hab\u00eda comparecido con la estrategia soberanista como bandera electoral. De la invocaci\u00f3n gen\u00e9rica a una consulta popular, con el objetivo de llegar a un \u201cEstado asociado\u201d que tuviera una \u201crelaci\u00f3n amable con Espa\u00f1a\u201d, se ha pasado a un tortuoso plan con dos refer\u00e9ndum, que tanto sirven para desarmar a ETA como para dejar en papel mojado las resistencias de las instituciones democr\u00e1ticas del Estado al intento de autodeterminaci\u00f3n del Pa\u00eds Vasco. Como tantas veces ocurre con los nacionalistas, no importa tanto la coherencia de la propuesta y su capacidad de llevarla a la pr\u00e1ctica, como el hecho de lanzar el desaf\u00edo, porque como tiene se\u00f1alado Juaristi, los nacionalistas juegan en la vida p\u00fablica con las reglas del mus a la vasca: \u00f3rdago a la \u201cgrande\u201d y a la \u201cchica\u201d, simult\u00e1neamente, sin levantar las cartas de la mesa.<br \/>\n     Ibarretxe crey\u00f3 llegado el momento adecuado para mover pieza al darse dos condiciones: Imaz arroj\u00f3 la toalla y las comunidades aut\u00f3nomas m\u00e1s poderosas negocian con Zapatero las l\u00edneas maestras de los Presupuestos Generales del Estado. Aunque en los medios aparec\u00eda la controversia entre Imaz e Egibar, en realidad el antagonismo se daba entre el presidente del PNV y el presidente del Gobierno vasco. Con el anuncio del abandono de Imaz, el lehendakari vio el camino despejado, y los \u00faltimos acontecimientos de la pol\u00edtica espa\u00f1ola, con los gestos de radicalismo del nacionalismo catal\u00e1n y el nuevo formato de negociaci\u00f3n territorial de los Presupuestos Generales del Estado, han acabado por convencerle de que era el momento adecuado para lanzar el \u00f3rdago. Adem\u00e1s, Solbes acababa de ceder en la negociaci\u00f3n del cupo y la financiaci\u00f3n para la \u201cY\u201d vasca ya est\u00e1 despejada.<br \/>\n      No es nada dif\u00edcil desmontar la propuesta de Ibarretxe, porque lejos de ser la obra de un fino orfebre de la pol\u00edtica, se trata de una chapuza descomunal, en la que junta churras con merinas, para llegar al oto\u00f1o de 2010 en condiciones de convocar el llamado \u201crefer\u00e9ndum resolutivo\u201d, que colma las aspiraciones hist\u00f3ricas de nacionalistas de todo pelaje. Si el plan choca frontalmente contra la letra de la Constituci\u00f3n, el lehendakari lo subsana pactando con Zapatero; y si con el presidente espa\u00f1ol no llega a ning\u00fan acuerdo, Ibarretxe llama a las urnas para tapar el disenso con papeletas nacionalistas. El desaf\u00edo est\u00e1 lanzado.<br \/>\n     Pese a las concesiones realizadas a los nacionalistas y los nuevos estatutos de autonom\u00eda aprobados en Madrid, no soplan vientos favorables al acuerdo en Catalu\u00f1a y el Pa\u00eds Vasco. Ex presidentes, como Pujol y Maragall, realizan amargas reflexiones en la prensa sobre el camino recorrido por la v\u00eda auton\u00f3mica, mientras en la calle, grupos radicales agravian la figura del Jefe de Estado.<br \/>\n      La democracia espa\u00f1ola tiene leyes y mecanismos coercitivos para parar los planes inconstitucionales del nacionalismo gobernante y las algaradas en la calle de los radicales. En cuanto al terrorismo, puro y duro, ya qued\u00f3 claro que la Polic\u00eda sabe c\u00f3mo tenerlo a raya. El problema no est\u00e1 en c\u00f3mo detener el desbordamiento nacionalista, sino en dotarse de una base pol\u00edtica racional que evite deshilachar el Estado.<br \/>\n     RECTIFICACI\u00d3N<br \/>\n     Como faltan menos de seis meses para las elecciones generales, hay que ver la pr\u00f3xima legislatura como una gran oportunidad para corregir vicios y defectos. Lo que ha ocurrido este mes de septiembre con el proyecto de los Presupuestos Generales del Estado no se puede volver a repetir. En el primer a\u00f1o de la presente legislatura, el entonces portavoz parlamentario socialista, Alfredo P\u00e9rez Rubalcaba, pact\u00f3 el proyecto presupuestario con los grupos de oposici\u00f3n, para dar solidez al incipiente mandato de Zapatero. Que el ministro de Econom\u00eda quedase al margen fue una anomal\u00eda, pero se acept\u00f3 por la necesidad de reclutar parlamentarios que completasen la mayor\u00eda de gobierno. En el \u00faltimo a\u00f1o de la legislatura, no s\u00f3lo qued\u00f3 Solbes fuera de la negociaci\u00f3n, sino que todo el Parlamento fue sustituido por las comunidades aut\u00f3nomas m\u00e1s poderosas, como Catalu\u00f1a o Andaluc\u00eda, que forman el \u201cclub del 4000\u201d, porque reciben m\u00e1s de cuatro mil millones de euros de inversi\u00f3n del Estado. La relaci\u00f3n bilateral marcada por los nuevos estatutos de autonom\u00eda ha cristalizado en la metodolog\u00eda con la que se confeccionan las cuentas del Estado.<br \/>\n       Aunque Zapatero es el gran responsable del desconcierto territorial, la pol\u00edtica seguida por el PP en los estatutos de autonom\u00eda de Andaluc\u00eda, Baleares y la Comunidad Valenciana, demuestra que el principal partido de la oposici\u00f3n tambi\u00e9n tiene que corregir sus planteamientos. En primer lugar, siguiendo el dictamen del Consejo de Estado, hay que establecer un conjunto de competencias y recursos sin los cuales el Estado deja de ser lo que es y pasa a convertirse en un ente residual.<br \/>\n      Esta reflexi\u00f3n vale para los parlamentarios asturianos cuando se acerca el momento de empezar a trabajar en comisi\u00f3n sobre la reforma del Estatuto de Autonom\u00eda de Asturias. Nuestro problema no est\u00e1 en blindar las aguas de los r\u00edos ni en asumir mayores cotas de autogobierno, sino en comprender que s\u00f3lo ser\u00e1 viable la v\u00eda auton\u00f3mica si est\u00e1 respaldada por un Estado fuerte que lleve a cabo pol\u00edticas de reequilibrio territorial sin caducidad temporal. Por extra\u00f1o que parezca, la existencia de un Estado fuerte es la \u00fanica garant\u00eda de autonom\u00eda para las comunidades pobres. Si Ibarretxe, Montilla y Chaves fijan la dieta, los 1.000 millones que nos llegan del Estado tender\u00e1n a desaparecer.<br \/>\n       El desaf\u00edo de Ibarretxe y la aplicaci\u00f3n presupuestaria de las gravosas condiciones econ\u00f3micas fijadas por los nuevos estatutos al Gobierno central ponen sobre la mesa la necesidad de reflexionar sobre el Estado. La cuesti\u00f3n no est\u00e1 en dar mayor autonom\u00eda a ayuntamientos y comunidades, sino en definir la masa de competencias y recursos que no puede ceder el Estado sin perjuicio de hacer dejaci\u00f3n de sus responsabilidades.<\/p>\n<!-- AddThis Advanced Settings generic via filter on the_content --><!-- AddThis Share Buttons generic via filter on the_content -->","protected":false},"excerpt":{"rendered":"<p>La consulta de Ibarretxe y las cuotas presupuestarias de catalanes y andaluces agrietan el territorio com\u00fan El lehendakari ha resucitado el \u201cplan Ibarretxe\u201d, casi tres a\u00f1os despu\u00e9s de que fuera rechazado en el Congreso de los Diputados y derrotado en las urnas vascas, al perder tres esca\u00f1os y 140.000 votos, en las elecciones auton\u00f3micas del [&hellip;]<!-- AddThis Advanced Settings generic via filter on get_the_excerpt --><!-- AddThis Share Buttons generic via filter on get_the_excerpt --><\/p>\n","protected":false},"author":2,"featured_media":0,"comment_status":"open","ping_status":"closed","sticky":false,"template":"","format":"standard","meta":[],"categories":[4],"tags":[],"_links":{"self":[{"href":"https:\/\/blogs.elcomercio.es\/largo_de_cafe\/wp-json\/wp\/v2\/posts\/93"}],"collection":[{"href":"https:\/\/blogs.elcomercio.es\/largo_de_cafe\/wp-json\/wp\/v2\/posts"}],"about":[{"href":"https:\/\/blogs.elcomercio.es\/largo_de_cafe\/wp-json\/wp\/v2\/types\/post"}],"author":[{"embeddable":true,"href":"https:\/\/blogs.elcomercio.es\/largo_de_cafe\/wp-json\/wp\/v2\/users\/2"}],"replies":[{"embeddable":true,"href":"https:\/\/blogs.elcomercio.es\/largo_de_cafe\/wp-json\/wp\/v2\/comments?post=93"}],"version-history":[{"count":0,"href":"https:\/\/blogs.elcomercio.es\/largo_de_cafe\/wp-json\/wp\/v2\/posts\/93\/revisions"}],"wp:attachment":[{"href":"https:\/\/blogs.elcomercio.es\/largo_de_cafe\/wp-json\/wp\/v2\/media?parent=93"}],"wp:term":[{"taxonomy":"category","embeddable":true,"href":"https:\/\/blogs.elcomercio.es\/largo_de_cafe\/wp-json\/wp\/v2\/categories?post=93"},{"taxonomy":"post_tag","embeddable":true,"href":"https:\/\/blogs.elcomercio.es\/largo_de_cafe\/wp-json\/wp\/v2\/tags?post=93"}],"curies":[{"name":"wp","href":"https:\/\/api.w.org\/{rel}","templated":true}]}}