{"id":9303,"date":"2023-06-30T23:50:17","date_gmt":"2023-06-30T21:50:17","guid":{"rendered":"https:\/\/blogs.elcomercio.es\/largo_de_cafe\/?p=9303"},"modified":"2023-06-30T23:50:17","modified_gmt":"2023-06-30T21:50:17","slug":"pesas-y-medidas","status":"publish","type":"post","link":"https:\/\/blogs.elcomercio.es\/largo_de_cafe\/2023\/06\/30\/pesas-y-medidas\/","title":{"rendered":"PESAS Y MEDIDAS"},"content":{"rendered":"<p class=\"v-p\">Santiago Abascal mitine\u00f3 en Gij\u00f3n ante 2.500 personas, mientras una concentraci\u00f3n convocada por las feministas protestaba por el pacto de Foro y Vox. Al referirse al actual momento de la pol\u00edtica nacional, marcado por los pactos entre las derechas, dijo que el PP est\u00e1 perdiendo demasiado tiempo para llegar a acuerdos. Puso al Ayuntamiento de Gij\u00f3n como ejemplo de las alianzas que quiere Vox. No estoy seguro de que en todos los sitios se conforme Vox con gestionar los festejos de la ciudad. Una cosa es pasar a ser fuerza de gobierno, que es un salto cualitativo, y otra la realidad de lo que se gestiona. Una cosa es el trazo grueso y otra descender al detalle de los pactos. En cualquier caso, lo sustancial del paso de Abascal por Gij\u00f3n estuvo en el discurso rompedor (\u00aben Asturias es donde se ve la traici\u00f3n del PSOE a los trabajadores\u00bb) y la protesta que origin\u00f3 en la calle.<\/p>\n<p class=\"v-p\">Cuando faltan menos de cuatro semanas para las elecciones, el punto cr\u00edtico del debate electoral tiene que ver con las relaciones entre el PP y Vox. El partido de Santiago Abascal ya fue cuestionado en otras campa\u00f1as, pero esta ocasi\u00f3n es diferente a todas las anteriores, porque la suerte de los comicios generales parece que se juega en los acuerdos de gobierno a los que lleguen PP y Vox en las distintas comunidades aut\u00f3nomas. La gesti\u00f3n de los resultados auton\u00f3micos tendr\u00e1 una influencia decisiva en las elecciones generales. Nunca pas\u00f3 algo igual. Vox es descalificado por antidemocr\u00e1tico. Plantea alg\u00fan asunto de imposible aplicaci\u00f3n, como acabar con las comunidades aut\u00f3nomas. La Constituci\u00f3n se\u00f1ala un procedimiento tan exigente para acometer una modificaci\u00f3n de esa envergadura, que no habr\u00e1 manera de llevarla a cabo. Rechaza la Uni\u00f3n Europea. Visto lo del &#8216;Brexit&#8217;, es muy aventurado pensar que en una coyuntura determinada no haya una mayor\u00eda favorable a salir de la UE, aunque hoy por hoy parezca descabellado. Sin embargo, otros partidos quieren acabar con la integraci\u00f3n territorial de Espa\u00f1a y nadie protesta; al contrario, sin tener que matizar su ideario son socios estrat\u00e9gicos del Gobierno. Rusia invade Ucrania y exigen que nadie le d\u00e9 armas para defenderse. Debe de ser la forma m\u00e1s segura de proteger los derechos humanos.<\/p>\n<p class=\"v-p\">Hay dos varas de medir, una para la derecha radical y otra para la izquierda radical. Desde el a\u00f1o 2019 existe esa ficci\u00f3n. Si alguien tiene la culpa es la propia derecha, que no se atrevi\u00f3 a enmendar el sistema de pesas y medidas de sus adversarios.<\/p>\n<p>&nbsp;<\/p>\n<!-- AddThis Advanced Settings generic via filter on the_content --><!-- AddThis Share Buttons generic via filter on the_content -->","protected":false},"excerpt":{"rendered":"<p>Santiago Abascal mitine\u00f3 en Gij\u00f3n ante 2.500 personas, mientras una concentraci\u00f3n convocada por las feministas protestaba por el pacto de Foro y Vox. Al referirse al actual momento de la pol\u00edtica nacional, marcado por los pactos entre las derechas, dijo que el PP est\u00e1 perdiendo demasiado tiempo para llegar a acuerdos. Puso al Ayuntamiento de [&hellip;]<!-- AddThis Advanced Settings generic via filter on get_the_excerpt --><!-- AddThis Share Buttons generic via filter on get_the_excerpt --><\/p>\n","protected":false},"author":2,"featured_media":0,"comment_status":"open","ping_status":"open","sticky":false,"template":"","format":"standard","meta":[],"categories":[1],"tags":[],"_links":{"self":[{"href":"https:\/\/blogs.elcomercio.es\/largo_de_cafe\/wp-json\/wp\/v2\/posts\/9303"}],"collection":[{"href":"https:\/\/blogs.elcomercio.es\/largo_de_cafe\/wp-json\/wp\/v2\/posts"}],"about":[{"href":"https:\/\/blogs.elcomercio.es\/largo_de_cafe\/wp-json\/wp\/v2\/types\/post"}],"author":[{"embeddable":true,"href":"https:\/\/blogs.elcomercio.es\/largo_de_cafe\/wp-json\/wp\/v2\/users\/2"}],"replies":[{"embeddable":true,"href":"https:\/\/blogs.elcomercio.es\/largo_de_cafe\/wp-json\/wp\/v2\/comments?post=9303"}],"version-history":[{"count":1,"href":"https:\/\/blogs.elcomercio.es\/largo_de_cafe\/wp-json\/wp\/v2\/posts\/9303\/revisions"}],"predecessor-version":[{"id":9304,"href":"https:\/\/blogs.elcomercio.es\/largo_de_cafe\/wp-json\/wp\/v2\/posts\/9303\/revisions\/9304"}],"wp:attachment":[{"href":"https:\/\/blogs.elcomercio.es\/largo_de_cafe\/wp-json\/wp\/v2\/media?parent=9303"}],"wp:term":[{"taxonomy":"category","embeddable":true,"href":"https:\/\/blogs.elcomercio.es\/largo_de_cafe\/wp-json\/wp\/v2\/categories?post=9303"},{"taxonomy":"post_tag","embeddable":true,"href":"https:\/\/blogs.elcomercio.es\/largo_de_cafe\/wp-json\/wp\/v2\/tags?post=9303"}],"curies":[{"name":"wp","href":"https:\/\/api.w.org\/{rel}","templated":true}]}}