{"id":937,"date":"2010-02-18T08:08:00","date_gmt":"2010-02-18T08:08:00","guid":{"rendered":"http:\/\/blogs.elcomercio.es\/largo_de_cafe\/?p=937"},"modified":"2010-02-18T08:08:00","modified_gmt":"2010-02-18T08:08:00","slug":"las-huestes-cascos","status":"publish","type":"post","link":"https:\/\/blogs.elcomercio.es\/largo_de_cafe\/2010\/02\/18\/las-huestes-cascos\/","title":{"rendered":"LAS HUESTES DE CASCOS"},"content":{"rendered":"<p>     La junta local del PP de Pe\u00f1amellera Alta ha aprobado una resoluci\u00f3n por la que insta a la direcci\u00f3n regional del partido a que ofrezca formalmente a \u00c1lvarez-Cascos encabezar la candidatura auton\u00f3mica. El d\u00eda anterior, Pelayo Roces, diputado auton\u00f3mico del PP cercano al ex ministro de Fomento, hab\u00eda solicitado a Ovidio S\u00e1nchez que asumiera expl\u00edcitamente el liderazgo electoral de \u00c1lvarez-Cascos. <\/p>\n<p>      El ex ministro viaja a Grandas de Salime para entrevistarse con Jos\u00e9 Naveiras Escanlar, Pepe \u201cEl Ferreiro\u201d; Pelayo Roces exige el apoyo inequ\u00edvoco a \u00c1lvarez-Cascos, y la junta local del PP de Pe\u00f1amellera Alta redacta un comunicado en la misma direcci\u00f3n. Las huestes del ex ministro van a por todas, sabedoras de que el PP regional es un erial, una suma de peque\u00f1os minifundios gobernados por la rutina de Ovidio S\u00e1nchez, y representados en el debate asturiano por las humoradas de Gabino de Lorenzo, que administra su territorio municipal sobre la base de los planes locales de Zapatero y Areces y la picard\u00eda de encontrar petr\u00f3leo bajo el pavimento de la calle Ur\u00eda. Lo m\u00e1s llamativo del PP regional es la dimisi\u00f3n de sus l\u00edderes, la negativa de todos ellos a postularse como candidatos electorales cuando en Asturias hay 81.000 parados. Es tal la desmoralizaci\u00f3n, el pesimismo acumulado tras tantas derrotas electorales y la falta de ambici\u00f3n, que a los quince meses de renunciar Ovidio S\u00e1nchez a encabezar la candidatura, ning\u00fan dirigente ha dado un paso al frente. Bastaron cuatro art\u00edculos de opini\u00f3n del ex ministro y tres apariciones entre privadas y p\u00fablicas, para que todo el mundo d\u00e9 por buena su candidatura al Principado. <\/p>\n<p>      Es de suponer que en los pr\u00f3ximos d\u00edas otras juntas locales seguir\u00e1n el camino tomado por la de Pe\u00f1amellera Alta, creando una situaci\u00f3n extra\u00f1a, porque desde las bases de la organizaci\u00f3n se formula una petici\u00f3n, mientras el equipo de Ovidio S\u00e1nchez mira para otro lado, pretendiendo que se prolongue la indefinici\u00f3n electoral hasta el oto\u00f1o. Diputados auton\u00f3micos del PP vuelven a la carga con los viajes oficiales del Principado, y De Lorenzo resuelve problemas creados en el suelo dando protagonismo al subsuelo. Todos fingen que no pasa nada, pero la procesi\u00f3n va por dentro; el futuro pol\u00edtico de todos ellos, planeado como si se tratase de un plan de pensiones, queda en el aire con la vuelta del ex ministro.          <\/p>\n<!-- AddThis Advanced Settings generic via filter on the_content --><!-- AddThis Share Buttons generic via filter on the_content -->","protected":false},"excerpt":{"rendered":"<p>La junta local del PP de Pe\u00f1amellera Alta ha aprobado una resoluci\u00f3n por la que insta a la direcci\u00f3n regional del partido a que ofrezca formalmente a \u00c1lvarez-Cascos encabezar la candidatura auton\u00f3mica. El d\u00eda anterior, Pelayo Roces, diputado auton\u00f3mico del PP cercano al ex ministro de Fomento, hab\u00eda solicitado a Ovidio S\u00e1nchez que asumiera expl\u00edcitamente [&hellip;]<!-- AddThis Advanced Settings generic via filter on get_the_excerpt --><!-- AddThis Share Buttons generic via filter on get_the_excerpt --><\/p>\n","protected":false},"author":2,"featured_media":0,"comment_status":"open","ping_status":"closed","sticky":false,"template":"","format":"standard","meta":[],"categories":[4],"tags":[],"_links":{"self":[{"href":"https:\/\/blogs.elcomercio.es\/largo_de_cafe\/wp-json\/wp\/v2\/posts\/937"}],"collection":[{"href":"https:\/\/blogs.elcomercio.es\/largo_de_cafe\/wp-json\/wp\/v2\/posts"}],"about":[{"href":"https:\/\/blogs.elcomercio.es\/largo_de_cafe\/wp-json\/wp\/v2\/types\/post"}],"author":[{"embeddable":true,"href":"https:\/\/blogs.elcomercio.es\/largo_de_cafe\/wp-json\/wp\/v2\/users\/2"}],"replies":[{"embeddable":true,"href":"https:\/\/blogs.elcomercio.es\/largo_de_cafe\/wp-json\/wp\/v2\/comments?post=937"}],"version-history":[{"count":0,"href":"https:\/\/blogs.elcomercio.es\/largo_de_cafe\/wp-json\/wp\/v2\/posts\/937\/revisions"}],"wp:attachment":[{"href":"https:\/\/blogs.elcomercio.es\/largo_de_cafe\/wp-json\/wp\/v2\/media?parent=937"}],"wp:term":[{"taxonomy":"category","embeddable":true,"href":"https:\/\/blogs.elcomercio.es\/largo_de_cafe\/wp-json\/wp\/v2\/categories?post=937"},{"taxonomy":"post_tag","embeddable":true,"href":"https:\/\/blogs.elcomercio.es\/largo_de_cafe\/wp-json\/wp\/v2\/tags?post=937"}],"curies":[{"name":"wp","href":"https:\/\/api.w.org\/{rel}","templated":true}]}}