{"id":94,"date":"2007-09-30T23:58:29","date_gmt":"2007-09-30T23:58:29","guid":{"rendered":"http:\/\/blogs.elcomercio.es\/largo_de_cafe\/?p=94"},"modified":"2007-09-30T23:58:29","modified_gmt":"2007-09-30T23:58:29","slug":"iu-ensena-cartas","status":"publish","type":"post","link":"https:\/\/blogs.elcomercio.es\/largo_de_cafe\/2007\/09\/30\/iu-ensena-cartas\/","title":{"rendered":"IU ENSE\u00d1A LAS CARTAS"},"content":{"rendered":"<p>     El coordinador de IU, Jes\u00fas Iglesias, desconf\u00eda de las ofertas del presidente Areces para alcanzar un pacto sobre los Presupuestos del Principado para el a\u00f1o 2008. Antes de las vacaciones de verano, el n\u00famero dos de la organizaci\u00f3n, \u00c1ngel Gonz\u00e1lez, fue mucho m\u00e1s expl\u00edcito y adelant\u00f3 el rechazo de la coalici\u00f3n a las cuentas regionales por haber quedado excluidos del Gobierno. Todav\u00eda no se conoce el proyecto presupuestario, pero ya se barrunta la postura que tomar\u00e1 la oposici\u00f3n. Jes\u00fas Iglesias asegura que en el estilo de Areces est\u00e1 ofrecer pactos a izquierda y derecha, pero que IU no se siente en la obligaci\u00f3n de aprobar los Presupuestos del Principado, m\u00e1xime cuando el actual Gobierno ha empezado a revisar la pol\u00edtica social que desarrollaba IU desde el Principado en la anterior legislatura.<br \/>\n     Desde los primeros d\u00edas del mandato IU empez\u00f3 a ense\u00f1ar las cartas antes de tiempo. El PP, principal partido de la oposici\u00f3n, no incurri\u00f3 en ese error y brind\u00f3 el apoyo al presidente Areces para defender los intereses de Asturias en la reforma de la financiaci\u00f3n auton\u00f3mica, al igual que se ofreci\u00f3 para pactar la reforma del Estatuto de Autonom\u00eda. Para hacer oposici\u00f3n frontal, siempre habr\u00e1 tiempo. Jes\u00fas Iglesias asegura que en el estilo de Areces est\u00e1 ofrecer acuerdos a izquierda y derecha, pero veinte a\u00f1os en el ejercicio del poder en el Principado y el Ayuntamiento de Gij\u00f3n nos indican que menos en un ejercicio en que pact\u00f3 Areces los presupuestos municipales con el CDS, el resto de alianzas las hizo a la izquierda. No hay ning\u00fan pol\u00edtico socialista que tenga en su haber tantos acuerdos con IU. En cuanto a la supuesta revisi\u00f3n de las pol\u00edticas sociales, se trata del t\u00edpico argumento ret\u00f3rico, porque el mandato acaba de empezar y es posible que haya una acentuaci\u00f3n de las pol\u00edticas de gasto social con el objetivo de buscar el apoyo de IU.<br \/>\n      Cuando Jes\u00fas Iglesias dice que no se siente obligado a pactar los presupuestos regionales no hace otra cosa que responder a un comportamiento general de la clase pol\u00edtica. En Espa\u00f1a, la pol\u00edtica est\u00e1 dominada por los intereses de partido y Asturias no es una excepci\u00f3n. Es muy dif\u00edcil encontrar un grupo que deje de participar en un gobierno e inmediatamente despu\u00e9s apoye las pol\u00edticas de la instituci\u00f3n de la que fue desalojado. Si los socialistas estuviesen en la oposici\u00f3n, tampoco apoyar\u00edan los presupuestos de un presidente que no los integr\u00f3 en el gobierno. Los intereses de las siglas est\u00e1n por encima del bien de los ciudadanos. En el mundo anglosaj\u00f3n es distinto, pero las diferencias empiezan por el sistema electoral, con circunscripciones peque\u00f1as, sistema mayoritario y gran control por parte de los electores. Aqu\u00ed los programas pol\u00edticos cuentan menos que los intereses de las organizaciones. IU puede rechazar anticipadamente todas las ofertas de los socialistas, pero como no justifiquen bien su proceder llegar\u00e1n muy debilitados a la pr\u00f3xima convocatoria electoral. Estuvieron cuatro a\u00f1os gobernando con Areces, y tienen que hilar fino para justificar que sus negativas no responden a sus intereses particulares.  <\/p>\n<!-- AddThis Advanced Settings generic via filter on the_content --><!-- AddThis Share Buttons generic via filter on the_content -->","protected":false},"excerpt":{"rendered":"<p>El coordinador de IU, Jes\u00fas Iglesias, desconf\u00eda de las ofertas del presidente Areces para alcanzar un pacto sobre los Presupuestos del Principado para el a\u00f1o 2008. Antes de las vacaciones de verano, el n\u00famero dos de la organizaci\u00f3n, \u00c1ngel Gonz\u00e1lez, fue mucho m\u00e1s expl\u00edcito y adelant\u00f3 el rechazo de la coalici\u00f3n a las cuentas regionales [&hellip;]<!-- AddThis Advanced Settings generic via filter on get_the_excerpt --><!-- AddThis Share Buttons generic via filter on get_the_excerpt --><\/p>\n","protected":false},"author":2,"featured_media":0,"comment_status":"open","ping_status":"closed","sticky":false,"template":"","format":"standard","meta":[],"categories":[4],"tags":[],"_links":{"self":[{"href":"https:\/\/blogs.elcomercio.es\/largo_de_cafe\/wp-json\/wp\/v2\/posts\/94"}],"collection":[{"href":"https:\/\/blogs.elcomercio.es\/largo_de_cafe\/wp-json\/wp\/v2\/posts"}],"about":[{"href":"https:\/\/blogs.elcomercio.es\/largo_de_cafe\/wp-json\/wp\/v2\/types\/post"}],"author":[{"embeddable":true,"href":"https:\/\/blogs.elcomercio.es\/largo_de_cafe\/wp-json\/wp\/v2\/users\/2"}],"replies":[{"embeddable":true,"href":"https:\/\/blogs.elcomercio.es\/largo_de_cafe\/wp-json\/wp\/v2\/comments?post=94"}],"version-history":[{"count":0,"href":"https:\/\/blogs.elcomercio.es\/largo_de_cafe\/wp-json\/wp\/v2\/posts\/94\/revisions"}],"wp:attachment":[{"href":"https:\/\/blogs.elcomercio.es\/largo_de_cafe\/wp-json\/wp\/v2\/media?parent=94"}],"wp:term":[{"taxonomy":"category","embeddable":true,"href":"https:\/\/blogs.elcomercio.es\/largo_de_cafe\/wp-json\/wp\/v2\/categories?post=94"},{"taxonomy":"post_tag","embeddable":true,"href":"https:\/\/blogs.elcomercio.es\/largo_de_cafe\/wp-json\/wp\/v2\/tags?post=94"}],"curies":[{"name":"wp","href":"https:\/\/api.w.org\/{rel}","templated":true}]}}