{"id":95,"date":"2007-10-02T00:14:47","date_gmt":"2007-10-02T00:14:47","guid":{"rendered":"http:\/\/blogs.elcomercio.es\/largo_de_cafe\/?p=95"},"modified":"2007-10-02T00:14:47","modified_gmt":"2007-10-02T00:14:47","slug":"el-acierto-laura","status":"publish","type":"post","link":"https:\/\/blogs.elcomercio.es\/largo_de_cafe\/2007\/10\/02\/el-acierto-laura\/","title":{"rendered":"EL ACIERTO DE LAURA"},"content":{"rendered":"<p>Laura Gonz\u00e1lez va a encabezar la lista al Congreso de los Diputados de IU. La ex consejera de Vivienda y Bienestar Social del Principado hab\u00eda hecho planes para disfrutar de la vida familiar, un deseo completamente l\u00f3gico en una persona que tiene m\u00e1s de 65 a\u00f1os, pero su partido le ha pedido que siga en primera fila de la pol\u00edtica luchando por un esca\u00f1o en el Congreso.<br \/>\n    La decisi\u00f3n me parece un completo acierto, por la personalidad de la aspirante a diputada, la acogida que tiene en diversos sectores de la organizaci\u00f3n y la gran experiencia que atesora. En Laura Gonz\u00e1lez no hay distancia entre la persona y el personaje. Se expresa siempre igual, con suma naturalidad, y esa es una cualidad impagable, tanto para pol\u00edticos, actores o presentadores de televisi\u00f3n. No tiene problema en reconocer que en su gesti\u00f3n pol\u00edtica hay errores y d\u00e9ficit, ni est\u00e1 pendiente de zaherir constantemente a sus rivales. Laura est\u00e1 para hacer cosas, luego ya llegar\u00e1n otros para ponerse las medallas. Ella quer\u00eda hacer viviendas protegidas, aunque luego fueran cuatro o cinco socialistas los que salieran en la foto poniendo la primera piedra de las casas.<br \/>\n     IU es una organizaci\u00f3n atravesada por luchas intestinas desde su fundaci\u00f3n. Hered\u00f3 la peor tradici\u00f3n cainita del PCE, y no es f\u00e1cil encontrar a un dirigente que no sea denostado por la mitad de la organizaci\u00f3n. Laura Gonz\u00e1lez es una excepci\u00f3n a esa norma, porque es una persona de consenso, siempre dispuesta a integrar las distintas posturas. En las negociaciones con los socialistas, Laura siempre se aline\u00f3 con el sector que quiso llegar a acuerdos por encima de todo, al entender que el voto recibido de los ciudadanos es para solucionar problemas no para pasarse la vida formulando discursos cr\u00edticos desde la oposici\u00f3n. Laura Gonz\u00e1lez fue concejala en Avil\u00e9s, candidata a la Presidencia del Principado en 1991, presidenta de la Junta General del Principado, eurodiputada y consejera de Vivienda y Bienestar Social. Ning\u00fan dirigente asturiano de IU, incluyendo Llamazares, tiene un curr\u00edculo tan dilatado. A\u00fan con todo, el reto de alcanzar un esca\u00f1o en Madrid es sumamente complicado, porque IU no atraviesa las mejores horas y el dibujo bipartidista avanza en Espa\u00f1a en cada elecci\u00f3n.    <\/p>\n<!-- AddThis Advanced Settings generic via filter on the_content --><!-- AddThis Share Buttons generic via filter on the_content -->","protected":false},"excerpt":{"rendered":"<p>Laura Gonz\u00e1lez va a encabezar la lista al Congreso de los Diputados de IU. La ex consejera de Vivienda y Bienestar Social del Principado hab\u00eda hecho planes para disfrutar de la vida familiar, un deseo completamente l\u00f3gico en una persona que tiene m\u00e1s de 65 a\u00f1os, pero su partido le ha pedido que siga en [&hellip;]<!-- AddThis Advanced Settings generic via filter on get_the_excerpt --><!-- AddThis Share Buttons generic via filter on get_the_excerpt --><\/p>\n","protected":false},"author":2,"featured_media":0,"comment_status":"open","ping_status":"closed","sticky":false,"template":"","format":"standard","meta":[],"categories":[4],"tags":[],"_links":{"self":[{"href":"https:\/\/blogs.elcomercio.es\/largo_de_cafe\/wp-json\/wp\/v2\/posts\/95"}],"collection":[{"href":"https:\/\/blogs.elcomercio.es\/largo_de_cafe\/wp-json\/wp\/v2\/posts"}],"about":[{"href":"https:\/\/blogs.elcomercio.es\/largo_de_cafe\/wp-json\/wp\/v2\/types\/post"}],"author":[{"embeddable":true,"href":"https:\/\/blogs.elcomercio.es\/largo_de_cafe\/wp-json\/wp\/v2\/users\/2"}],"replies":[{"embeddable":true,"href":"https:\/\/blogs.elcomercio.es\/largo_de_cafe\/wp-json\/wp\/v2\/comments?post=95"}],"version-history":[{"count":0,"href":"https:\/\/blogs.elcomercio.es\/largo_de_cafe\/wp-json\/wp\/v2\/posts\/95\/revisions"}],"wp:attachment":[{"href":"https:\/\/blogs.elcomercio.es\/largo_de_cafe\/wp-json\/wp\/v2\/media?parent=95"}],"wp:term":[{"taxonomy":"category","embeddable":true,"href":"https:\/\/blogs.elcomercio.es\/largo_de_cafe\/wp-json\/wp\/v2\/categories?post=95"},{"taxonomy":"post_tag","embeddable":true,"href":"https:\/\/blogs.elcomercio.es\/largo_de_cafe\/wp-json\/wp\/v2\/tags?post=95"}],"curies":[{"name":"wp","href":"https:\/\/api.w.org\/{rel}","templated":true}]}}