{"id":9522,"date":"2023-10-05T23:16:26","date_gmt":"2023-10-05T21:16:26","guid":{"rendered":"https:\/\/blogs.elcomercio.es\/largo_de_cafe\/?p=9522"},"modified":"2023-10-05T23:16:26","modified_gmt":"2023-10-05T21:16:26","slug":"el-partido-con-sanchez","status":"publish","type":"post","link":"https:\/\/blogs.elcomercio.es\/largo_de_cafe\/2023\/10\/05\/el-partido-con-sanchez\/","title":{"rendered":"EL PARTIDO, CON S\u00c1NCHEZ"},"content":{"rendered":"<p class=\"v-p\">Todas las organizaciones auton\u00f3micas (federaciones) del PSOE han firmado un documento en el que piden a Pedro S\u00e1nchez que encabece un gobierno de progreso y convivencia. Intuyo que el documento tuvo un planteamiento un tanto informal, cuando el primer firmante es Jos\u00e9 Luis Rodr\u00edguez Zapatero, que no es el principal representante de ninguna federaci\u00f3n. La misma consideraci\u00f3n merece que la Federaci\u00f3n Socialista Asturiana (FSA) no estuviera representada por su m\u00e1ximo dirigente, Adri\u00e1n Barb\u00f3n. El objetivo de la iniciativa no es otro que contrarrestar las intervenciones realizadas por los dirigentes hist\u00f3ricos del partido, como Felipe Gonz\u00e1lez y Alfonso Guerra. Sus cr\u00edticas se centraron en la previsible aprobaci\u00f3n de una amnist\u00eda para todos los independentistas que delinquieron durante el &#8216;proc\u00e9s&#8217;. Ese grupo est\u00e1 encabezado por Puigdemont, el presidente de Catalu\u00f1a que aprob\u00f3 la declaraci\u00f3n unilateral de independencia. Las cr\u00edticas de Gonz\u00e1lez y Guerra, as\u00ed como las de Feij\u00f3o, est\u00e1n basadas en las manifestaciones de los l\u00edderes de ERC y Junts, que exigen la aceptaci\u00f3n de la amnist\u00eda para apoyar la investidura de Pedro S\u00e1nchez como presidente. Los dirigentes de ERC dicen que ya est\u00e1 acordado con Pedro S\u00e1nchez el olvido penal para los delincuentes.<\/p>\n<p class=\"v-p\">Las organizaciones, en su manifiesto, evitan nombrar la amnist\u00eda y, en su lugar, hablan de convivencia. Hombre, de convivencia ya llevamos varias d\u00e9cadas, ahora lo que se busca es extender una bula a favor de los pol\u00edticos que en ejercicio de sus responsabilidades infringieron gravemente la Constituci\u00f3n. No se hizo nunca y el PSOE siempre estuvo en contra, pero Pedro S\u00e1nchez considera que es un m\u00f3dico precio a pagar si, a cambio de blanquear a los independentistas, sigue en la Moncloa. Las direcciones regionales socialistas asumen la degradaci\u00f3n de instituciones, como el Tribunal Supremo, o la tergiversaci\u00f3n de normas, empezando por la Constituci\u00f3n, si su partido permanece en el poder.<\/p>\n<p class=\"v-p\">En los documentos partidarios me siguen llamando la atenci\u00f3n los ejercicios voluntarios de ceguera o sectarismo, que es lo mismo, pero dicho de otra manera. En el texto se lee \u00abla expresi\u00f3n (resultado) de las urnas ha sido clara. No al se\u00f1or Feij\u00f3o\u00bb. \u00bfQu\u00e9 urnas son esas en las que el supuesto pol\u00edtico rechazado encabez\u00f3 la lista m\u00e1s votada? \u00bfAlguien puede decir que del resultado de las urnas se colige una alianza S\u00e1nchez-Puigdemont? \u00bfO hay que retorcer resultados, leyes e instituciones para llegar a esa conclusi\u00f3n?<\/p>\n<p>&nbsp;<\/p>\n<!-- AddThis Advanced Settings generic via filter on the_content --><!-- AddThis Share Buttons generic via filter on the_content -->","protected":false},"excerpt":{"rendered":"<p>Todas las organizaciones auton\u00f3micas (federaciones) del PSOE han firmado un documento en el que piden a Pedro S\u00e1nchez que encabece un gobierno de progreso y convivencia. Intuyo que el documento tuvo un planteamiento un tanto informal, cuando el primer firmante es Jos\u00e9 Luis Rodr\u00edguez Zapatero, que no es el principal representante de ninguna federaci\u00f3n. La [&hellip;]<!-- AddThis Advanced Settings generic via filter on get_the_excerpt --><!-- AddThis Share Buttons generic via filter on get_the_excerpt --><\/p>\n","protected":false},"author":2,"featured_media":0,"comment_status":"open","ping_status":"open","sticky":false,"template":"","format":"standard","meta":[],"categories":[1],"tags":[],"_links":{"self":[{"href":"https:\/\/blogs.elcomercio.es\/largo_de_cafe\/wp-json\/wp\/v2\/posts\/9522"}],"collection":[{"href":"https:\/\/blogs.elcomercio.es\/largo_de_cafe\/wp-json\/wp\/v2\/posts"}],"about":[{"href":"https:\/\/blogs.elcomercio.es\/largo_de_cafe\/wp-json\/wp\/v2\/types\/post"}],"author":[{"embeddable":true,"href":"https:\/\/blogs.elcomercio.es\/largo_de_cafe\/wp-json\/wp\/v2\/users\/2"}],"replies":[{"embeddable":true,"href":"https:\/\/blogs.elcomercio.es\/largo_de_cafe\/wp-json\/wp\/v2\/comments?post=9522"}],"version-history":[{"count":1,"href":"https:\/\/blogs.elcomercio.es\/largo_de_cafe\/wp-json\/wp\/v2\/posts\/9522\/revisions"}],"predecessor-version":[{"id":9523,"href":"https:\/\/blogs.elcomercio.es\/largo_de_cafe\/wp-json\/wp\/v2\/posts\/9522\/revisions\/9523"}],"wp:attachment":[{"href":"https:\/\/blogs.elcomercio.es\/largo_de_cafe\/wp-json\/wp\/v2\/media?parent=9522"}],"wp:term":[{"taxonomy":"category","embeddable":true,"href":"https:\/\/blogs.elcomercio.es\/largo_de_cafe\/wp-json\/wp\/v2\/categories?post=9522"},{"taxonomy":"post_tag","embeddable":true,"href":"https:\/\/blogs.elcomercio.es\/largo_de_cafe\/wp-json\/wp\/v2\/tags?post=9522"}],"curies":[{"name":"wp","href":"https:\/\/api.w.org\/{rel}","templated":true}]}}