{"id":9539,"date":"2023-10-12T22:48:16","date_gmt":"2023-10-12T20:48:16","guid":{"rendered":"https:\/\/blogs.elcomercio.es\/largo_de_cafe\/?p=9539"},"modified":"2023-10-12T22:48:16","modified_gmt":"2023-10-12T20:48:16","slug":"gestionar-las-carencias","status":"publish","type":"post","link":"https:\/\/blogs.elcomercio.es\/largo_de_cafe\/2023\/10\/12\/gestionar-las-carencias\/","title":{"rendered":"GESTIONAR LAS CARENCIAS"},"content":{"rendered":"<p class=\"v-p\">La situaci\u00f3n de la atenci\u00f3n sanitaria es muy preocupante en Asturias. Tambi\u00e9n en otras regiones. En la pandemia hubo un desajuste total, con una primera parte, durante el confinamiento, en que pr\u00e1cticamente fue imposible para los pacientes acceder al m\u00e9dico de cabecera. Instalados en la nueva normalidad, la situaci\u00f3n no se ha estabilizado. El Principado emple\u00f3 primero la estrategia de la centralita telef\u00f3nica, transformando el modelo de relaci\u00f3n de m\u00e9dicos y enfermos a trav\u00e9s de la teleconsulta, un sistema muy insatisfactorio para los pacientes. En el presente, te\u00f3ricamente, se ha recuperado el modelo asistencial anterior a la llegada del virus, pero en realidad la situaci\u00f3n ha empeorado. El malestar de los m\u00e9dicos y de los pacientes va en aumento, unos porque se encuentran saturados de trabajo y los otros porque el tiempo de espera en los centros de salud llega a los quince d\u00edas. Los seguros privados ganan clientes todos los d\u00edas.<\/p>\n<p class=\"v-p\">Se han hecho habituales situaciones que antes eran excepcionales, como la de las ausencias no suplidas, que tienen un gran impacto en las listas de espera. A los ojos de todos est\u00e1 la degradaci\u00f3n de la Atenci\u00f3n Primaria, excepto para la Consejer\u00eda de Salud que dice que \u00abla situaci\u00f3n ha mejorado\u00bb. Los profesionales recuerdan las promesas de antes de las elecciones, ya que los cambios anunciados no han llegado. A lo mejor es que los cinco meses transcurridos desde los comicios no es tiempo suficiente para aplicar las medidas correctoras. En ese caso, que se avance una fecha para superar los desajustes. Lo que no se puede es mantener indefinidamente la ficci\u00f3n de que todo va bien, salvo cuestiones puntuales. Para ello es obligado ponerse de acuerdo en los datos. Seg\u00fan la Consejer\u00eda de Salud, el pasado a\u00f1o 2022 el porcentaje de servicios de atenci\u00f3n a domicilio de m\u00e9dicos de los centros de Primaria ha sido del 1,4%. No s\u00e9 c\u00f3mo se puede mantener en el debate p\u00fablico un dato as\u00ed, cuando hay miles de pacientes que la primera o segunda consulta la realizaron por tel\u00e9fono. No se gana la confianza del p\u00fablico lanzando esos mensajes.<\/p>\n<p class=\"v-p\">El problema de fondo es la carencia de profesionales. Tambi\u00e9n ocurre en el resto de regiones. Si el envejecimiento de la poblaci\u00f3n repercute en la demanda de los servicios, habr\u00e1 que contratar a m\u00e1s profesionales. Dif\u00edcil tarea porque en toda Espa\u00f1a hay un d\u00e9ficit de m\u00e9dicos. Hoy se recogen los frutos de d\u00e9cadas de numerus clausus en la carrera de Medicina. Digamos la verdad para que la gente asuma la gesti\u00f3n de las carencias.<\/p>\n<p>&nbsp;<\/p>\n<!-- AddThis Advanced Settings generic via filter on the_content --><!-- AddThis Share Buttons generic via filter on the_content -->","protected":false},"excerpt":{"rendered":"<p>La situaci\u00f3n de la atenci\u00f3n sanitaria es muy preocupante en Asturias. Tambi\u00e9n en otras regiones. En la pandemia hubo un desajuste total, con una primera parte, durante el confinamiento, en que pr\u00e1cticamente fue imposible para los pacientes acceder al m\u00e9dico de cabecera. Instalados en la nueva normalidad, la situaci\u00f3n no se ha estabilizado. El Principado [&hellip;]<!-- AddThis Advanced Settings generic via filter on get_the_excerpt --><!-- AddThis Share Buttons generic via filter on get_the_excerpt --><\/p>\n","protected":false},"author":2,"featured_media":0,"comment_status":"open","ping_status":"open","sticky":false,"template":"","format":"standard","meta":[],"categories":[1],"tags":[],"_links":{"self":[{"href":"https:\/\/blogs.elcomercio.es\/largo_de_cafe\/wp-json\/wp\/v2\/posts\/9539"}],"collection":[{"href":"https:\/\/blogs.elcomercio.es\/largo_de_cafe\/wp-json\/wp\/v2\/posts"}],"about":[{"href":"https:\/\/blogs.elcomercio.es\/largo_de_cafe\/wp-json\/wp\/v2\/types\/post"}],"author":[{"embeddable":true,"href":"https:\/\/blogs.elcomercio.es\/largo_de_cafe\/wp-json\/wp\/v2\/users\/2"}],"replies":[{"embeddable":true,"href":"https:\/\/blogs.elcomercio.es\/largo_de_cafe\/wp-json\/wp\/v2\/comments?post=9539"}],"version-history":[{"count":1,"href":"https:\/\/blogs.elcomercio.es\/largo_de_cafe\/wp-json\/wp\/v2\/posts\/9539\/revisions"}],"predecessor-version":[{"id":9540,"href":"https:\/\/blogs.elcomercio.es\/largo_de_cafe\/wp-json\/wp\/v2\/posts\/9539\/revisions\/9540"}],"wp:attachment":[{"href":"https:\/\/blogs.elcomercio.es\/largo_de_cafe\/wp-json\/wp\/v2\/media?parent=9539"}],"wp:term":[{"taxonomy":"category","embeddable":true,"href":"https:\/\/blogs.elcomercio.es\/largo_de_cafe\/wp-json\/wp\/v2\/categories?post=9539"},{"taxonomy":"post_tag","embeddable":true,"href":"https:\/\/blogs.elcomercio.es\/largo_de_cafe\/wp-json\/wp\/v2\/tags?post=9539"}],"curies":[{"name":"wp","href":"https:\/\/api.w.org\/{rel}","templated":true}]}}