{"id":9541,"date":"2023-10-13T22:11:09","date_gmt":"2023-10-13T20:11:09","guid":{"rendered":"https:\/\/blogs.elcomercio.es\/largo_de_cafe\/?p=9541"},"modified":"2023-10-13T22:11:09","modified_gmt":"2023-10-13T20:11:09","slug":"esta-ciego-el-gobierno","status":"publish","type":"post","link":"https:\/\/blogs.elcomercio.es\/largo_de_cafe\/2023\/10\/13\/esta-ciego-el-gobierno\/","title":{"rendered":"\u00bfEST\u00c1 CIEGO EL GOBIERNO?"},"content":{"rendered":"<p class=\"v-p\">Nueva manifestaci\u00f3n de los ganaderos por las calles de la capital del Principado. Cuarenta tractores avanzaron por Oviedo hacia la sede de la Consejer\u00eda del Medio Rural para expresar sus quejas. Durante los \u00faltimos a\u00f1os la situaci\u00f3n de los ganaderos ha ido de mal en peor, y en cuanto empez\u00f3 el proceso inflacionario se volvi\u00f3 cr\u00edtica, porque los costes de producci\u00f3n (electricidad, gasoil, forraje, pienso) subieron y el precio de la leche se mantuvo igual que veinte a\u00f1os atr\u00e1s; posteriormente tambi\u00e9n crecieron los ingresos de los ganaderos al vender la leche m\u00e1s cara, pero desde la pasada primavera ha empezado a bajar. Se podr\u00e1 arg\u00fcir que tambi\u00e9n descendi\u00f3 en los establecimientos comerciales, pero lo hizo en una proporci\u00f3n muy inferior.<\/p>\n<p class=\"v-p\">Una vez m\u00e1s se comprueba que la Ley de la Cadena Alimentaria no se cumple, porque los ganaderos venden el producto (leche) a las industrias por debajo del coste al que producen. No es f\u00e1cil entender la raz\u00f3n por la que el precio de la leche en origen es m\u00e1s bajo que en el primer trimestre del a\u00f1o. Lo cierto es que amenaza con dejar fuera del mercado a m\u00e1s ganaderos. Entre los a\u00f1os 2019 y 2022 se produc\u00eda bajo coste y 40.000 vacas fueron sacrificadas en Espa\u00f1a. En consecuencia, la oferta de leche de los ganaderos se redujo en un 3% y por eso las industrias pagaron m\u00e1s cara la leche que les compraban. Ahora no hubo ning\u00fan cambio por el lado de la oferta, pero las industrias pagan el litro de leche m\u00e1s barato. Los ganaderos tienen memoria y algunos recuerdan los a\u00f1os del &#8216;cartel de la leche&#8217; (2000-2013), cuando hab\u00eda precios concertados entre las industrias.<\/p>\n<p class=\"v-p\">De lo que no cabe duda es de que la rentabilidad de las explotaciones desaparece, lo que llevar\u00e1 a corto y medio plazo a un mayor cierre de ganader\u00edas, lo que acabar\u00e1 por poner en riesgo el abastecimiento de leche y productos derivados a la poblaci\u00f3n. Una amenaza que se conjurar\u00e1 importando leche de otros pa\u00edses. De esa cadena de implicaciones el gran perdedor ser\u00e1 el medio rural. Tras lo sucedido con la pandemia y lo que ocurre con la guerra de Ucrania, a ver qui\u00e9n se atreve a decir que la autonom\u00eda alimentaria, como la energ\u00e9tica, no tiene un gran valor. En una etapa de cambio de estrategias, donde hasta EE UU se ha convertido en un pa\u00eds fuertemente proteccionista, \u00bfc\u00f3mo no entiende el Gobierno de Espa\u00f1a que tras las tractoradas est\u00e1 la supervivencia de un producto b\u00e1sico, que nos protege ante una tensi\u00f3n de precios en la alimentaci\u00f3n de todo el mundo c\u00f3mo no se ve\u00eda desde la crisis alimentaria de 2007-2008?<\/p>\n<p>&nbsp;<\/p>\n<p>&nbsp;<\/p>\n<p>&nbsp;<\/p>\n<!-- AddThis Advanced Settings generic via filter on the_content --><!-- AddThis Share Buttons generic via filter on the_content -->","protected":false},"excerpt":{"rendered":"<p>Nueva manifestaci\u00f3n de los ganaderos por las calles de la capital del Principado. Cuarenta tractores avanzaron por Oviedo hacia la sede de la Consejer\u00eda del Medio Rural para expresar sus quejas. Durante los \u00faltimos a\u00f1os la situaci\u00f3n de los ganaderos ha ido de mal en peor, y en cuanto empez\u00f3 el proceso inflacionario se volvi\u00f3 [&hellip;]<!-- AddThis Advanced Settings generic via filter on get_the_excerpt --><!-- AddThis Share Buttons generic via filter on get_the_excerpt --><\/p>\n","protected":false},"author":2,"featured_media":0,"comment_status":"open","ping_status":"open","sticky":false,"template":"","format":"standard","meta":[],"categories":[1],"tags":[],"_links":{"self":[{"href":"https:\/\/blogs.elcomercio.es\/largo_de_cafe\/wp-json\/wp\/v2\/posts\/9541"}],"collection":[{"href":"https:\/\/blogs.elcomercio.es\/largo_de_cafe\/wp-json\/wp\/v2\/posts"}],"about":[{"href":"https:\/\/blogs.elcomercio.es\/largo_de_cafe\/wp-json\/wp\/v2\/types\/post"}],"author":[{"embeddable":true,"href":"https:\/\/blogs.elcomercio.es\/largo_de_cafe\/wp-json\/wp\/v2\/users\/2"}],"replies":[{"embeddable":true,"href":"https:\/\/blogs.elcomercio.es\/largo_de_cafe\/wp-json\/wp\/v2\/comments?post=9541"}],"version-history":[{"count":1,"href":"https:\/\/blogs.elcomercio.es\/largo_de_cafe\/wp-json\/wp\/v2\/posts\/9541\/revisions"}],"predecessor-version":[{"id":9542,"href":"https:\/\/blogs.elcomercio.es\/largo_de_cafe\/wp-json\/wp\/v2\/posts\/9541\/revisions\/9542"}],"wp:attachment":[{"href":"https:\/\/blogs.elcomercio.es\/largo_de_cafe\/wp-json\/wp\/v2\/media?parent=9541"}],"wp:term":[{"taxonomy":"category","embeddable":true,"href":"https:\/\/blogs.elcomercio.es\/largo_de_cafe\/wp-json\/wp\/v2\/categories?post=9541"},{"taxonomy":"post_tag","embeddable":true,"href":"https:\/\/blogs.elcomercio.es\/largo_de_cafe\/wp-json\/wp\/v2\/tags?post=9541"}],"curies":[{"name":"wp","href":"https:\/\/api.w.org\/{rel}","templated":true}]}}