{"id":9543,"date":"2023-10-14T22:12:16","date_gmt":"2023-10-14T20:12:16","guid":{"rendered":"https:\/\/blogs.elcomercio.es\/largo_de_cafe\/?p=9543"},"modified":"2023-10-14T22:12:16","modified_gmt":"2023-10-14T20:12:16","slug":"fiscalidad-asturiana","status":"publish","type":"post","link":"https:\/\/blogs.elcomercio.es\/largo_de_cafe\/2023\/10\/14\/fiscalidad-asturiana\/","title":{"rendered":"FISCALIDAD ASTURIANA"},"content":{"rendered":"<p class=\"v-p\">Primer debate en la Junta entre Adri\u00e1n Barb\u00f3n y Diego Canga. El portavoz popular eligi\u00f3 el sistema fiscal asturiano para preguntar al presidente del Principado. Es un tema muy atractivo para los dirigentes del centro-derecha, porque, como todo el mundo sabe, en Asturias los tributos gravan m\u00e1s la renta de las personas f\u00edsicas o las herencias que en la mayor\u00eda de las comunidades aut\u00f3nomas. Canga se refiri\u00f3, inicialmente, al Impuesto de Sucesiones, donde estamos a la cabeza de lo que hay que pagar al fisco por el patrimonio recibido. El portavoz del PP sac\u00f3 a relucir que somos una isla fiscal: en Galicia, Castilla y Le\u00f3n, Cantabria y el Pa\u00eds Vasco no se paga nada, o casi no se paga, por heredar de padres a hijos. Record\u00f3 que estamos a la cola de la competitividad fiscal del pelot\u00f3n auton\u00f3mico y que hab\u00eda una media de siete renuncias de herencia al d\u00eda. El l\u00edder popular anunci\u00f3 que va a proponer una bonificaci\u00f3n del 99% en el Impuesto de Sucesiones, tal como se hace en Madrid, donde una persona que hereda 200.000 euros paga 282,2 euros.<\/p>\n<p class=\"v-p\">Adri\u00e1n Barb\u00f3n realiz\u00f3 una defensa de su pol\u00edtica fiscal, m\u00e1s basada en frases rotundas o sentenciosas que en n\u00fameros: \u00abLos impuestos que pagamos todos permiten construir el patrimonio de los que no tienen patrimonio, el Estado del Bienestar\u00bb. El aserto sirve para reflexionar, pero resulta que el Estado del Bienestar lo tienen tambi\u00e9n en Cantabria, Pa\u00eds Vasco, Galicia y Castilla y Le\u00f3n y heredan sin apenas coste. El presidente del Principado tambi\u00e9n repiti\u00f3 la frase m\u00e1s utilizada por la izquierda desde el inicio de la democracia, al hablar de su filosof\u00eda fiscal: \u00abQue los que m\u00e1s tengan, m\u00e1s paguen\u00bb. Esa m\u00e1xima se cumple a rajatabla desde la reforma fiscal de Francisco Fern\u00e1ndez-Ord\u00f3\u00f1ez en 1978, con el Impuesto de Sociedades y el Impuesto sobre la Renta de las Personas F\u00edsicas, donde constaba que el tipo marginal m\u00e1ximo llegaba al 56%. De cien euros ingresados, cincuenta y seis para el Estado. Desde hace 45 a\u00f1os en Espa\u00f1a pagan mucho m\u00e1s las rentas altas que las bajas, como es natural. Decir lo contrario es demagogia o ignorancia.<\/p>\n<p class=\"v-p\">Datos de hace ocho a\u00f1os. Las rentas m\u00e1s altas (ingresos anuales superiores a los 601.000 euros), los declararon 4.618 ciudadanos, el 0,024% del censo fiscal; pues bien, de media, pagaron 541.360 euros por declarante. Si vamos a las rentas m\u00e1s bajas (ingresos anuales hasta 12.000 euros) los declararon 7.953.452 ciudadanos, el 41,04% del censo fiscal. Pues bien, de media pagaron 183 euros por declarante. Fin del debate.<\/p>\n<p>&nbsp;<\/p>\n<!-- AddThis Advanced Settings generic via filter on the_content --><!-- AddThis Share Buttons generic via filter on the_content -->","protected":false},"excerpt":{"rendered":"<p>Primer debate en la Junta entre Adri\u00e1n Barb\u00f3n y Diego Canga. El portavoz popular eligi\u00f3 el sistema fiscal asturiano para preguntar al presidente del Principado. Es un tema muy atractivo para los dirigentes del centro-derecha, porque, como todo el mundo sabe, en Asturias los tributos gravan m\u00e1s la renta de las personas f\u00edsicas o las [&hellip;]<!-- AddThis Advanced Settings generic via filter on get_the_excerpt --><!-- AddThis Share Buttons generic via filter on get_the_excerpt --><\/p>\n","protected":false},"author":2,"featured_media":0,"comment_status":"open","ping_status":"open","sticky":false,"template":"","format":"standard","meta":[],"categories":[1],"tags":[],"_links":{"self":[{"href":"https:\/\/blogs.elcomercio.es\/largo_de_cafe\/wp-json\/wp\/v2\/posts\/9543"}],"collection":[{"href":"https:\/\/blogs.elcomercio.es\/largo_de_cafe\/wp-json\/wp\/v2\/posts"}],"about":[{"href":"https:\/\/blogs.elcomercio.es\/largo_de_cafe\/wp-json\/wp\/v2\/types\/post"}],"author":[{"embeddable":true,"href":"https:\/\/blogs.elcomercio.es\/largo_de_cafe\/wp-json\/wp\/v2\/users\/2"}],"replies":[{"embeddable":true,"href":"https:\/\/blogs.elcomercio.es\/largo_de_cafe\/wp-json\/wp\/v2\/comments?post=9543"}],"version-history":[{"count":1,"href":"https:\/\/blogs.elcomercio.es\/largo_de_cafe\/wp-json\/wp\/v2\/posts\/9543\/revisions"}],"predecessor-version":[{"id":9544,"href":"https:\/\/blogs.elcomercio.es\/largo_de_cafe\/wp-json\/wp\/v2\/posts\/9543\/revisions\/9544"}],"wp:attachment":[{"href":"https:\/\/blogs.elcomercio.es\/largo_de_cafe\/wp-json\/wp\/v2\/media?parent=9543"}],"wp:term":[{"taxonomy":"category","embeddable":true,"href":"https:\/\/blogs.elcomercio.es\/largo_de_cafe\/wp-json\/wp\/v2\/categories?post=9543"},{"taxonomy":"post_tag","embeddable":true,"href":"https:\/\/blogs.elcomercio.es\/largo_de_cafe\/wp-json\/wp\/v2\/tags?post=9543"}],"curies":[{"name":"wp","href":"https:\/\/api.w.org\/{rel}","templated":true}]}}