{"id":9563,"date":"2023-10-24T00:39:53","date_gmt":"2023-10-23T22:39:53","guid":{"rendered":"https:\/\/blogs.elcomercio.es\/largo_de_cafe\/?p=9563"},"modified":"2023-10-24T00:39:53","modified_gmt":"2023-10-23T22:39:53","slug":"la-hora-de-la-responsabilidad","status":"publish","type":"post","link":"https:\/\/blogs.elcomercio.es\/largo_de_cafe\/2023\/10\/24\/la-hora-de-la-responsabilidad\/","title":{"rendered":"LA HORA DE LA RESPONSABILIDAD"},"content":{"rendered":"<p class=\"v-p\">La 43 edici\u00f3n de los Premios Princesa de Asturias nos ha permitido revivir las especiales caracter\u00edsticas de la ceremonia de entrega de los galardones, donde se mezclan argumentos y emociones. El discurso del Rey es, tradicionalmente, la principal intervenci\u00f3n de la velada. La alocuci\u00f3n fue algo m\u00e1s extensa que en otras ocasiones, siendo el \u00abregreso terrible de la guerra\u00bb el tema central del discurso. No s\u00e9 si da envidia o nostalgia recordar que el Premio a la Cooperaci\u00f3n Internacional de 1994 se concedi\u00f3 a Isaac Rabin y a Yaser Arafat, primer ministro de Israel y presidente de la Autoridad Nacional de Palestina, respectivamente, \u00abpor su decisivo esfuerzo para crear las condiciones de paz en la regi\u00f3n\u00bb, o que un a\u00f1o m\u00e1s tarde se entreg\u00f3 el Premio a la Concordia al Rey Hussein de Jordania. Este oportuno recordatorio lo realiz\u00f3 el Rey, mostrando impl\u00edcitamente, c\u00f3mo los galardones son un fiel reflejo de lo que acontece en el mundo.<\/p>\n<p class=\"v-p\">Definido el contexto b\u00e9lico, don Felipe afirm\u00f3 que est\u00e1 en cuesti\u00f3n el orden internacional, con inevitables repercusiones en la econom\u00eda y el bienestar, sobre todo, de los m\u00e1s vulnerables. Y dio un paso m\u00e1s: la sombra se extiende tambi\u00e9n sobre las democracias. En una coyuntura donde las antiguas certezas se vuelven fr\u00e1giles, realiz\u00f3 un llamamiento a la responsabilidad. Una ovaci\u00f3n interrumpi\u00f3 su discurso cuando dijo que las soluciones a los problemas de Espa\u00f1a llegar\u00e1n \u00abdesde la unidad, nunca desde la divisi\u00f3n\u00bb.<\/p>\n<p class=\"v-p\">Durante la semana de los Premios la expectaci\u00f3n estaba volcada en la Princesa de Asturias y en Meryl Streep. La entrada de do\u00f1a Leonor en la Academia General Militar, como dama cadete, para seguir la formaci\u00f3n castrense que terminar\u00e1 como teniente de tierra y del aire y alf\u00e9rez de nav\u00edo, en 2026, es el paso decisivo de la adolescencia a la mayor\u00eda de edad. La reciente jura de la bandera y la pr\u00f3xima jura de la Constituci\u00f3n han fortalecido la dimensi\u00f3n p\u00fablica de la Princesa. La gente ya no la observa con la mirada condescendiente que se dirige a una ni\u00f1a, sino con el inter\u00e9s de quien encarna el futuro. Tres cursos en las distintas armas har\u00e1n de la heredera de la Corona la mujer m\u00e1s popular de Espa\u00f1a. En tiempos de zozobra, como los actuales, la Familia Real estaba m\u00e1s sonriente y convencida que en cualquier edici\u00f3n anterior de los Premios. El plus, o si se quiere la diferencia, la aport\u00f3 do\u00f1a Leonor.<\/p>\n<p class=\"v-p\">Meryl Streep, tan dominadora de la escena como siempre, dio una clase de c\u00f3mo se lee un texto en p\u00fablico. Qu\u00e9 acierto del jurado.<\/p>\n<p>&nbsp;<\/p>\n<!-- AddThis Advanced Settings generic via filter on the_content --><!-- AddThis Share Buttons generic via filter on the_content -->","protected":false},"excerpt":{"rendered":"<p>La 43 edici\u00f3n de los Premios Princesa de Asturias nos ha permitido revivir las especiales caracter\u00edsticas de la ceremonia de entrega de los galardones, donde se mezclan argumentos y emociones. El discurso del Rey es, tradicionalmente, la principal intervenci\u00f3n de la velada. La alocuci\u00f3n fue algo m\u00e1s extensa que en otras ocasiones, siendo el \u00abregreso [&hellip;]<!-- AddThis Advanced Settings generic via filter on get_the_excerpt --><!-- AddThis Share Buttons generic via filter on get_the_excerpt --><\/p>\n","protected":false},"author":2,"featured_media":0,"comment_status":"open","ping_status":"open","sticky":false,"template":"","format":"standard","meta":[],"categories":[1],"tags":[],"_links":{"self":[{"href":"https:\/\/blogs.elcomercio.es\/largo_de_cafe\/wp-json\/wp\/v2\/posts\/9563"}],"collection":[{"href":"https:\/\/blogs.elcomercio.es\/largo_de_cafe\/wp-json\/wp\/v2\/posts"}],"about":[{"href":"https:\/\/blogs.elcomercio.es\/largo_de_cafe\/wp-json\/wp\/v2\/types\/post"}],"author":[{"embeddable":true,"href":"https:\/\/blogs.elcomercio.es\/largo_de_cafe\/wp-json\/wp\/v2\/users\/2"}],"replies":[{"embeddable":true,"href":"https:\/\/blogs.elcomercio.es\/largo_de_cafe\/wp-json\/wp\/v2\/comments?post=9563"}],"version-history":[{"count":1,"href":"https:\/\/blogs.elcomercio.es\/largo_de_cafe\/wp-json\/wp\/v2\/posts\/9563\/revisions"}],"predecessor-version":[{"id":9564,"href":"https:\/\/blogs.elcomercio.es\/largo_de_cafe\/wp-json\/wp\/v2\/posts\/9563\/revisions\/9564"}],"wp:attachment":[{"href":"https:\/\/blogs.elcomercio.es\/largo_de_cafe\/wp-json\/wp\/v2\/media?parent=9563"}],"wp:term":[{"taxonomy":"category","embeddable":true,"href":"https:\/\/blogs.elcomercio.es\/largo_de_cafe\/wp-json\/wp\/v2\/categories?post=9563"},{"taxonomy":"post_tag","embeddable":true,"href":"https:\/\/blogs.elcomercio.es\/largo_de_cafe\/wp-json\/wp\/v2\/tags?post=9563"}],"curies":[{"name":"wp","href":"https:\/\/api.w.org\/{rel}","templated":true}]}}