{"id":9572,"date":"2023-10-28T00:05:31","date_gmt":"2023-10-27T22:05:31","guid":{"rendered":"https:\/\/blogs.elcomercio.es\/largo_de_cafe\/?p=9572"},"modified":"2023-10-28T00:05:31","modified_gmt":"2023-10-27T22:05:31","slug":"cargas-y-privilegios","status":"publish","type":"post","link":"https:\/\/blogs.elcomercio.es\/largo_de_cafe\/2023\/10\/28\/cargas-y-privilegios\/","title":{"rendered":"CARGAS Y PRIVILEGIOS"},"content":{"rendered":"<p class=\"v-p\">Adri\u00e1n Pumares interpel\u00f3 al consejero de Hacienda sobre las modificaciones fiscales de Foro. Utiliz\u00f3, acertadamente, su turno parlamentario para dar a conocer las propuestas que presentar\u00e1 en la negociaci\u00f3n presupuestaria. Tras asumir que no hay una mayor\u00eda en la C\u00e1mara para hacer una reforma tributaria que termine con la condici\u00f3n de &#8216;isla fiscal&#8217; que tiene Asturias, pas\u00f3 a proponer deducciones fiscales en el Impuesto sobre la Renta de las Personas F\u00edsicas y en el Impuesto sobre Transmisiones Patrimoniales y Actos Jur\u00eddicos Documentados. El consejero, Guillermo Pel\u00e1ez, le contest\u00f3 aceptando unas y rechazando otras, utilizando como argumento los dogmas de la izquierda sobre cuestiones tributarias, como ya ha hecho en anteriores ocasiones. Vamos con los ejemplos.<\/p>\n<p class=\"v-p\">Pumares quer\u00eda que se puedan deducir en el IRPF los gastos realizados en la pr\u00e1ctica deportiva; la propuesta no es del agrado de Pel\u00e1ez \u00abporque supone financiar actividades privadas que no todo el mundo se puede permitir\u00bb. A m\u00ed tampoco me parece que se deban deducir esos gastos que son producto de actividades l\u00fadicas, pero no se me ocurrir\u00eda sacar a relucir el trasvase de dinero de lo p\u00fablico a lo privado, porque los presupuestos del Estado y del Principado est\u00e1n llenos de deducciones a entidades privadas. Lo mismo argument\u00f3 el consejero sobre una actividad muy diferente, como es la sanitaria. Pumares pretend\u00eda que los gastos m\u00e9dicos sean deducibles en la declaraci\u00f3n de renta, pero volvi\u00f3 el consejero con el rodillo de lo p\u00fablico y tumb\u00f3 la iniciativa: \u00abSer\u00eda detraer recursos del sistema p\u00fablico para dirigirlos a la sanidad privada\u00bb. Aqu\u00ed el argumento es mucho m\u00e1s endeble, porque el Gobierno debe velar por la salud de los asturianos, con independencia de la naturaleza jur\u00eddica del sitio donde se curan. Con las enormes listas de espera que tenemos, dar la espalda al sector privado es una irresponsabilidad grave. Ahora bien, no creo que la soluci\u00f3n sea dar luz verde a deducciones fiscales de los particulares, sino cofinanciar parte de la actividad que se hace en las cl\u00ednicas privadas, ya que el Principado est\u00e1 atendiendo con un retraso propio de juzgado de guardia. Vayamos al fondo del asunto.<\/p>\n<p class=\"v-p\">Las deducciones fiscales constituyen el c\u00e1ncer del sistema tributario espa\u00f1ol, aunque decir esto al Principado es como mostrar ajo a los vampiros. Pagamos unos impuestos muy altos, pero el Estado recauda poco, porque por el medio quedan exoneradas entidades influyentes y muchos particulares. El Impuesto de Sociedades (tercer gran impuesto del Estado) lo descafein\u00f3 la antigua CiU de Jordi Pujol, llen\u00e1ndolo de deducciones para proteger a los &#8216;botiguer&#8217; (tenderos). El IVA es un impuesto discriminatorio, aunque deber\u00eda ser tan transparente como universal. La cosa est\u00e1 as\u00ed: el Parlamento decide las cargas y los privilegios.<\/p>\n<p>&nbsp;<\/p>\n<!-- AddThis Advanced Settings generic via filter on the_content --><!-- AddThis Share Buttons generic via filter on the_content -->","protected":false},"excerpt":{"rendered":"<p>Adri\u00e1n Pumares interpel\u00f3 al consejero de Hacienda sobre las modificaciones fiscales de Foro. Utiliz\u00f3, acertadamente, su turno parlamentario para dar a conocer las propuestas que presentar\u00e1 en la negociaci\u00f3n presupuestaria. Tras asumir que no hay una mayor\u00eda en la C\u00e1mara para hacer una reforma tributaria que termine con la condici\u00f3n de &#8216;isla fiscal&#8217; que tiene [&hellip;]<!-- AddThis Advanced Settings generic via filter on get_the_excerpt --><!-- AddThis Share Buttons generic via filter on get_the_excerpt --><\/p>\n","protected":false},"author":2,"featured_media":0,"comment_status":"open","ping_status":"open","sticky":false,"template":"","format":"standard","meta":[],"categories":[1],"tags":[],"_links":{"self":[{"href":"https:\/\/blogs.elcomercio.es\/largo_de_cafe\/wp-json\/wp\/v2\/posts\/9572"}],"collection":[{"href":"https:\/\/blogs.elcomercio.es\/largo_de_cafe\/wp-json\/wp\/v2\/posts"}],"about":[{"href":"https:\/\/blogs.elcomercio.es\/largo_de_cafe\/wp-json\/wp\/v2\/types\/post"}],"author":[{"embeddable":true,"href":"https:\/\/blogs.elcomercio.es\/largo_de_cafe\/wp-json\/wp\/v2\/users\/2"}],"replies":[{"embeddable":true,"href":"https:\/\/blogs.elcomercio.es\/largo_de_cafe\/wp-json\/wp\/v2\/comments?post=9572"}],"version-history":[{"count":1,"href":"https:\/\/blogs.elcomercio.es\/largo_de_cafe\/wp-json\/wp\/v2\/posts\/9572\/revisions"}],"predecessor-version":[{"id":9573,"href":"https:\/\/blogs.elcomercio.es\/largo_de_cafe\/wp-json\/wp\/v2\/posts\/9572\/revisions\/9573"}],"wp:attachment":[{"href":"https:\/\/blogs.elcomercio.es\/largo_de_cafe\/wp-json\/wp\/v2\/media?parent=9572"}],"wp:term":[{"taxonomy":"category","embeddable":true,"href":"https:\/\/blogs.elcomercio.es\/largo_de_cafe\/wp-json\/wp\/v2\/categories?post=9572"},{"taxonomy":"post_tag","embeddable":true,"href":"https:\/\/blogs.elcomercio.es\/largo_de_cafe\/wp-json\/wp\/v2\/tags?post=9572"}],"curies":[{"name":"wp","href":"https:\/\/api.w.org\/{rel}","templated":true}]}}