{"id":9588,"date":"2023-11-04T22:14:12","date_gmt":"2023-11-04T21:14:12","guid":{"rendered":"https:\/\/blogs.elcomercio.es\/largo_de_cafe\/?p=9588"},"modified":"2023-11-04T22:14:12","modified_gmt":"2023-11-04T21:14:12","slug":"la-responsabilidad-de-dona-leonor","status":"publish","type":"post","link":"https:\/\/blogs.elcomercio.es\/largo_de_cafe\/2023\/11\/04\/la-responsabilidad-de-dona-leonor\/","title":{"rendered":"LA RESPONSABILIDAD DE DO\u00d1A LEONOR"},"content":{"rendered":"<p class=\"v-p\">La jura de la Constituci\u00f3n por parte de la Princesa de Asturias se produjo en un ambiente tenso provocado por el pacto de Pedro S\u00e1nchez con Puigdemont, con la amnist\u00eda como materia clave para que el presidente en funciones siga gobernando. Quiz\u00e1s por ello la ceremonia que sell\u00f3 el compromiso de do\u00f1a Leonor con nuestra Carta Magna no haya estado precedido de un suficiente respaldo por las fuerzas constitucionalistas, pero han bastado dos actos -el desfile militar del 12 octubre, en Madrid, y la entrega de los Premios Princesa de Asturias, en Oviedo- con claro protagonismo de la Heredera de la Corona, para que la sociedad, sin intermediaci\u00f3n de las instituciones, se haya volcado a favor de do\u00f1a Leonor. Si se hiciera una encuesta quedar\u00eda reflejado que en estos momentos la Princesa de Asturias se ha convertido en un importante activo para la Corona de Espa\u00f1a. El secreto est\u00e1 en la forma de presentarse la Heredera como persona responsable que cumple con sus obligaciones. Qued\u00f3 muy bien expresado en su discurso, \u00ables pido que conf\u00eden en m\u00ed\u00bb. Creo que es muy consciente de algo que su padre ten\u00eda perfectamente asimilado cuando lleg\u00f3 al trono en 2014: carece de licencia para cometer fallos. La marea de republicanismo de los partidos minoritarios (tambi\u00e9n se puede uno referir a ellos como \u00ablos aliados de Pedro S\u00e1nchez\u00bb) no pasar\u00e1 de ser un ejercicio ret\u00f3rico mientras los Reyes y la Princesa cumplan intachablemente con su deber.<\/p>\n<p class=\"v-p\">De la ceremonia hay que resaltar la largu\u00edsima ovaci\u00f3n que tributaron los diputados y senadores de los tres principales partidos (PP, PSOE, Vox) a do\u00f1a Leonor, y el desafortunado discurso de Francina Armengol, presidenta del Congreso de los Diputados. Me pareci\u00f3 excesivamente largo, pero eso es lo de menos. El texto careci\u00f3 del imprescindible sentido institucional. La monarqu\u00eda estaba impl\u00edcita en el discurso, pero resultaba muy dif\u00edcil de pronunciar. Hizo una especie de balance de las cuatro d\u00e9cadas de democracia poniendo el acento en cuestiones que suele rese\u00f1ar su partido y, pasando por alto aquello que encaja m\u00e1s en el ideario y la pr\u00e1ctica de otros grupos. Se las ingeni\u00f3 para decir palabras en catal\u00e1n, vasco y gallego, sin que estuviera en la C\u00e1mara ninguno de los impulsores de la Torre de Babel parlamentaria.<\/p>\n<p class=\"v-p\">Supongo que el texto habr\u00e1 estado inspirado por poderes por encima del suyo. Y eso es grave. La ceremonia, con los discursos del Rey y la Princesa, se convirti\u00f3 en el acto de defensa de la Constituci\u00f3n m\u00e1s rotundo de los \u00faltimos tiempos.<\/p>\n<p>&nbsp;<\/p>\n<!-- AddThis Advanced Settings generic via filter on the_content --><!-- AddThis Share Buttons generic via filter on the_content -->","protected":false},"excerpt":{"rendered":"<p>La jura de la Constituci\u00f3n por parte de la Princesa de Asturias se produjo en un ambiente tenso provocado por el pacto de Pedro S\u00e1nchez con Puigdemont, con la amnist\u00eda como materia clave para que el presidente en funciones siga gobernando. Quiz\u00e1s por ello la ceremonia que sell\u00f3 el compromiso de do\u00f1a Leonor con nuestra [&hellip;]<!-- AddThis Advanced Settings generic via filter on get_the_excerpt --><!-- AddThis Share Buttons generic via filter on get_the_excerpt --><\/p>\n","protected":false},"author":2,"featured_media":0,"comment_status":"open","ping_status":"open","sticky":false,"template":"","format":"standard","meta":[],"categories":[1],"tags":[],"_links":{"self":[{"href":"https:\/\/blogs.elcomercio.es\/largo_de_cafe\/wp-json\/wp\/v2\/posts\/9588"}],"collection":[{"href":"https:\/\/blogs.elcomercio.es\/largo_de_cafe\/wp-json\/wp\/v2\/posts"}],"about":[{"href":"https:\/\/blogs.elcomercio.es\/largo_de_cafe\/wp-json\/wp\/v2\/types\/post"}],"author":[{"embeddable":true,"href":"https:\/\/blogs.elcomercio.es\/largo_de_cafe\/wp-json\/wp\/v2\/users\/2"}],"replies":[{"embeddable":true,"href":"https:\/\/blogs.elcomercio.es\/largo_de_cafe\/wp-json\/wp\/v2\/comments?post=9588"}],"version-history":[{"count":1,"href":"https:\/\/blogs.elcomercio.es\/largo_de_cafe\/wp-json\/wp\/v2\/posts\/9588\/revisions"}],"predecessor-version":[{"id":9589,"href":"https:\/\/blogs.elcomercio.es\/largo_de_cafe\/wp-json\/wp\/v2\/posts\/9588\/revisions\/9589"}],"wp:attachment":[{"href":"https:\/\/blogs.elcomercio.es\/largo_de_cafe\/wp-json\/wp\/v2\/media?parent=9588"}],"wp:term":[{"taxonomy":"category","embeddable":true,"href":"https:\/\/blogs.elcomercio.es\/largo_de_cafe\/wp-json\/wp\/v2\/categories?post=9588"},{"taxonomy":"post_tag","embeddable":true,"href":"https:\/\/blogs.elcomercio.es\/largo_de_cafe\/wp-json\/wp\/v2\/tags?post=9588"}],"curies":[{"name":"wp","href":"https:\/\/api.w.org\/{rel}","templated":true}]}}