{"id":9590,"date":"2023-11-04T22:15:24","date_gmt":"2023-11-04T21:15:24","guid":{"rendered":"https:\/\/blogs.elcomercio.es\/largo_de_cafe\/?p=9590"},"modified":"2023-11-04T22:15:24","modified_gmt":"2023-11-04T21:15:24","slug":"subvencionar-el-ave","status":"publish","type":"post","link":"https:\/\/blogs.elcomercio.es\/largo_de_cafe\/2023\/11\/04\/subvencionar-el-ave\/","title":{"rendered":"SUBVENCIONAR EL AVE"},"content":{"rendered":"<p class=\"v-p\">Las tres c\u00e1maras de Comercio asturianas hacen propuestas para el servicio de alta velocidad entre Madrid y Gij\u00f3n. Buscan f\u00f3rmulas de abaratar de forma estable el precio de los billetes, para el momento en que se acaben las promociones ligadas a la entrada en servicio del tren. El \u00e9xito de las l\u00edneas de alta velocidad depende de la ganancia de tiempo y del precio del servicio. En nuestro caso, la velocidad media no es tan alta como en el resto de l\u00edneas nacionales, pero, aun as\u00ed, al emplear una hora menos en hacer el viaje el salto es cualitativo. La C\u00e1mara de Comercio de Oviedo pide solicitar la declaraci\u00f3n de Obligaci\u00f3n de Servicio P\u00fablico (OSP), como han hecho en Castilla y Le\u00f3n, donde el viajero habitual de la l\u00ednea tiene una rebaja del 75% en el precio del viaje, haci\u00e9ndose cargo la comunidad aut\u00f3noma del 25% del descuento, mientras la Administraci\u00f3n Central financia el 75% restante. Desde la C\u00e1mara de Avil\u00e9s se pone de ejemplo a la provincia de Burgos, que ya tiene ese descuento, aportando razones para el caso asturiano: complicada orograf\u00eda, autopista de acceso a la Meseta de peaje, conexiones a\u00e9reas caras, etc.<\/p>\n<p class=\"v-p\">En ese asunto se mezclan cuestiones conceptuales y argumentos pragm\u00e1ticos. Todo el transporte ferroviario est\u00e1 subvencionado, desde nuestro desastroso servicio de Cercan\u00edas, hasta la flamante l\u00ednea de alta velocidad de Madrid a Barcelona, con tres o cuatro operadores compitiendo (Renfe tiene una l\u00ednea &#8216;low cost&#8217; con Avlo que supera el 95% de ocupaci\u00f3n). La subvenci\u00f3n es una operaci\u00f3n que traslada los costes de los servicios de los usuarios a los contribuyentes. Si exceptuamos algunos servicios esenciales que carecen de alternativa, toda subvenci\u00f3n es una discriminaci\u00f3n entre grupos sociales, as\u00ed que resulta injusta y, en muchos casos, caprichosa. A su vez, el enfoque pragm\u00e1tico es muy consistente y parte de la universalidad de las subvenciones. Todo el transporte est\u00e1 subvencionado. La renovaci\u00f3n de las flotas de autobuses tambi\u00e9n recibe dinero p\u00fablico. No hablemos de las conexiones a\u00e9reas. Si tenemos pocas l\u00edneas es porque durante muchos a\u00f1os el Principado no financi\u00f3 suficientemente su desarrollo. El resultado fue: pocos destinos y billetes muy caros.<\/p>\n<p class=\"v-p\">Desde la C\u00e1mara de Gij\u00f3n, adem\u00e1s de apoyar la idea de las subvenciones, instan a pensar en el largo plazo, con competidores privados que lograr\u00e1n bajar los precios. Exacto. Si hay competencia mejora el precio y el servicio, sin necesidad de hurgar en la cartera del contribuyente.<\/p>\n<p>&nbsp;<\/p>\n<!-- AddThis Advanced Settings generic via filter on the_content --><!-- AddThis Share Buttons generic via filter on the_content -->","protected":false},"excerpt":{"rendered":"<p>Las tres c\u00e1maras de Comercio asturianas hacen propuestas para el servicio de alta velocidad entre Madrid y Gij\u00f3n. Buscan f\u00f3rmulas de abaratar de forma estable el precio de los billetes, para el momento en que se acaben las promociones ligadas a la entrada en servicio del tren. El \u00e9xito de las l\u00edneas de alta velocidad [&hellip;]<!-- AddThis Advanced Settings generic via filter on get_the_excerpt --><!-- AddThis Share Buttons generic via filter on get_the_excerpt --><\/p>\n","protected":false},"author":2,"featured_media":0,"comment_status":"open","ping_status":"open","sticky":false,"template":"","format":"standard","meta":[],"categories":[1],"tags":[],"_links":{"self":[{"href":"https:\/\/blogs.elcomercio.es\/largo_de_cafe\/wp-json\/wp\/v2\/posts\/9590"}],"collection":[{"href":"https:\/\/blogs.elcomercio.es\/largo_de_cafe\/wp-json\/wp\/v2\/posts"}],"about":[{"href":"https:\/\/blogs.elcomercio.es\/largo_de_cafe\/wp-json\/wp\/v2\/types\/post"}],"author":[{"embeddable":true,"href":"https:\/\/blogs.elcomercio.es\/largo_de_cafe\/wp-json\/wp\/v2\/users\/2"}],"replies":[{"embeddable":true,"href":"https:\/\/blogs.elcomercio.es\/largo_de_cafe\/wp-json\/wp\/v2\/comments?post=9590"}],"version-history":[{"count":1,"href":"https:\/\/blogs.elcomercio.es\/largo_de_cafe\/wp-json\/wp\/v2\/posts\/9590\/revisions"}],"predecessor-version":[{"id":9591,"href":"https:\/\/blogs.elcomercio.es\/largo_de_cafe\/wp-json\/wp\/v2\/posts\/9590\/revisions\/9591"}],"wp:attachment":[{"href":"https:\/\/blogs.elcomercio.es\/largo_de_cafe\/wp-json\/wp\/v2\/media?parent=9590"}],"wp:term":[{"taxonomy":"category","embeddable":true,"href":"https:\/\/blogs.elcomercio.es\/largo_de_cafe\/wp-json\/wp\/v2\/categories?post=9590"},{"taxonomy":"post_tag","embeddable":true,"href":"https:\/\/blogs.elcomercio.es\/largo_de_cafe\/wp-json\/wp\/v2\/tags?post=9590"}],"curies":[{"name":"wp","href":"https:\/\/api.w.org\/{rel}","templated":true}]}}