{"id":9598,"date":"2023-11-07T21:55:21","date_gmt":"2023-11-07T20:55:21","guid":{"rendered":"https:\/\/blogs.elcomercio.es\/largo_de_cafe\/?p=9598"},"modified":"2023-11-07T21:56:38","modified_gmt":"2023-11-07T20:56:38","slug":"la-jura-y-la-amnistia","status":"publish","type":"post","link":"https:\/\/blogs.elcomercio.es\/largo_de_cafe\/2023\/11\/07\/la-jura-y-la-amnistia\/","title":{"rendered":"LA JURA Y LA AMNISTIA"},"content":{"rendered":"<p>La jura de la Constituci\u00f3n realizada por la Princesa de Asturias estuvo precedida de una foto con morbo a \u00faltima hora de la v\u00edspera: el encuentro de Santos Cerd\u00e1n con Carles Puigdemont, sentados bajo la imagen de una &#8216;dona&#8217; revolucionaria portando una urna del 1-0. El objetivo no era otro que quitar protagonismo a do\u00f1a Leonor en las portadas de los peri\u00f3dicos. Al d\u00eda siguiente, tras la jura, banquete, etc\u00e9tera, entrada ya la noche, cuando los informativos hac\u00edan resumen de la jornada, llegaba otra noticia de impacto: el acuerdo de investidura entre el PSOE y ERC. Cualquier cosa menos una coincidencia.<\/p>\n<p>M\u00e1s all\u00e1 de la dimensi\u00f3n medi\u00e1tica, la jura de la Princesa y la amnist\u00eda para los cientos o miles de procesados en los \u00faltimos diez a\u00f1os por tratar de imponer la independencia transgrediendo la legalidad han quedado unidas en el tiempo. En la solemne sesi\u00f3n de las Cortes Generales (diputados y senadores) brillaron por su ausencia 54 diputados. Los esca\u00f1os de ERC, Junts, Bildu, PNV y BNG estuvieron vac\u00edos, y de los 31 diputados de Sumar s\u00f3lo asistieron la vicepresidenta segunda del Gobierno, la vicepresidenta del Congreso de los Diputados y la portavoz parlamentaria. Pedro S\u00e1nchez aspira a ser presidente apoyado por los miembros del grupo socialista y por todos los que no estuvieron presentes en la jura de la Constituci\u00f3n de la Heredera de la Corona. Felipe Gonz\u00e1lez lo sintetiz\u00f3 a su manera, \u00abtodos los ausentes votar\u00edan hoy en contra de la Constituci\u00f3n\u00bb. As\u00ed es, los diputados que no asistieron reun\u00edan un doble prejuicio ante la ceremonia: rechazo a la monarqu\u00eda e impugnaci\u00f3n de la Carta Magna. Cuando les toca prometerla o jurarla, se sacan de la chaqueta un peque\u00f1o papel que leen para que sus bases sepan que s\u00f3lo lo hacen para poder ocupar el esca\u00f1o: \u00abPor imperativo legal\u00bb<\/p>\n<p>El texto de la jura y los discursos del Rey y la Princesa constituyeron un canto tan rotundo a la Constituci\u00f3n que sirvieron para etiquetar al bloque de los ausentes: los anticonstitucionales. Con ellos quiere Pedro S\u00e1nchez gobernar en clave de progreso. Necesita para hacerlo, como primer paso, quitarles la mancha penal. Borrar el pasado para que puedan ejercer los derechos que les otorga la Constituci\u00f3n. Primero fueron los indultos que anularon la sentencia del Tribunal Supremo, luego tuvo que sacar algunos delitos (sedici\u00f3n) del C\u00f3digo Penal o cambiar su tipificaci\u00f3n (malversaci\u00f3n), y ahora llega la amnist\u00eda para todos, incluyendo a individuos imputados por terrorismo, como algunos miembros de los Comit\u00e9s de Defensa de la Rep\u00fablica (CDR) o de Tsunami Democr\u00e1tic, presuntamente dirigidos por Marta Rovira, la delicada secretaria general de ERC, que entre presentarse ante el juez o vivir en Suiza, opt\u00f3 por los segundo.<br \/>\nToda esta formidable operaci\u00f3n de choque contra el poder judicial, cambios legislativos y blanqueo del nacionalismo radical se hace para seguir gobernando. En la mayor\u00eda de investidura se juntan dos prop\u00f3sitos, S\u00e1nchez quiere perpetuarse en el poder y todos los socios menos uno (Sumar) tienen como meta la independencia de sus territorios. Llegado el momento, el Congreso de los Diputados debatir\u00e1 y votar\u00e1 la investidura, pero previamente ya la aval\u00f3 el Comit\u00e9 Federal del PSOE, el \u00f3rgano de mayor jerarqu\u00eda del partido entre congresos.<\/p>\n<p><strong>Comit\u00e9 federal<\/strong><\/p>\n<p>En 2016, el Comit\u00e9 Federal del PSOE descabalg\u00f3 a Pedro S\u00e1nchez de la Secretar\u00eda General del partido por veinticinco votos, porque pretend\u00eda ir hacia unas terceras elecciones consecutivas. Siete a\u00f1os m\u00e1s tarde el nuevo \u00f3rgano de direcci\u00f3n federal es completamente distinto. La pluralidad torn\u00f3 en unanimidad y la cr\u00edtica en sumisi\u00f3n. S\u00e1nchez provoca unanimidades, por disparatada que sea su propuesta: \u00abEn el nombre de Espa\u00f1a, en el inter\u00e9s de Espa\u00f1a y la defensa de la convivencia entre espa\u00f1oles, defiendo la amnist\u00eda en Catalu\u00f1a\u00bb.<\/p>\n<p>No dio a conocer ni el m\u00e1s m\u00ednimo detalle sobre la amnist\u00eda y todos los miembros del Comit\u00e9 Federal se pusieron en pie y prorrumpieron en una larga y cerrada ovaci\u00f3n, como aquellos procuradores de anta\u00f1o, de mi ni\u00f1ez y primera juventud, cuando la Oprobiosa. Siempre afirm\u00e9 en estas l\u00edneas que el PSOE, junto al PNV, son los dos partidos que tienen un funcionamiento interno m\u00e1s democr\u00e1tico, pero el espect\u00e1culo del otro d\u00eda obliga a reconsiderar el juicio. Nadie se atrevi\u00f3 a preguntar, ninguno alz\u00f3 la voz para pedir aclaraciones sobre la amnist\u00eda, no hubo un dirigente que aportara un matiz sobre un discurso tan herm\u00e9tico como el de S\u00e1nchez. S\u00f3lo una larga ovaci\u00f3n como escenificaci\u00f3n de mayor\u00edas de partido a la b\u00falgara.<\/p>\n<p>La sumisi\u00f3n a todas las exigencias del nacionalismo podr\u00e1 cambiar a Espa\u00f1a, pero lo que es seguro es que ya est\u00e1 cambiando al PSOE. Todo indica que Sumar ser\u00e1 un mero ap\u00e9ndice del sanchismo en la legislatura. Carecen de discurso y les sobrar\u00e1n l\u00edos internos, correspondi\u00e9ndole el papel de verdaderos socios en la nueva mayor\u00eda parlamentaria a los independentistas. La alianza entre socialistas y un amplio sector de anticonstitucionales, liderado por los independentistas, va en contra de todo lo vivido en 46 a\u00f1os de democracia parlamentaria. La legislatura ser\u00e1 una caja de sorpresas, porque en los gobiernos carentes de rigor las dificultades econ\u00f3micas se combaten con golpes de efecto pol\u00edticos, como los refer\u00e9ndums. Si a la voracidad de poder de S\u00e1nchez s\u00f3lo Emiliano Garc\u00eda-Page pone reparos, no queda margen para la esperanza.<\/p>\n<!-- AddThis Advanced Settings generic via filter on the_content --><!-- AddThis Share Buttons generic via filter on the_content -->","protected":false},"excerpt":{"rendered":"<p>La jura de la Constituci\u00f3n realizada por la Princesa de Asturias estuvo precedida de una foto con morbo a \u00faltima hora de la v\u00edspera: el encuentro de Santos Cerd\u00e1n con Carles Puigdemont, sentados bajo la imagen de una &#8216;dona&#8217; revolucionaria portando una urna del 1-0. El objetivo no era otro que quitar protagonismo a do\u00f1a [&hellip;]<!-- AddThis Advanced Settings generic via filter on get_the_excerpt --><!-- AddThis Share Buttons generic via filter on get_the_excerpt --><\/p>\n","protected":false},"author":2,"featured_media":0,"comment_status":"open","ping_status":"open","sticky":false,"template":"","format":"standard","meta":[],"categories":[1],"tags":[],"_links":{"self":[{"href":"https:\/\/blogs.elcomercio.es\/largo_de_cafe\/wp-json\/wp\/v2\/posts\/9598"}],"collection":[{"href":"https:\/\/blogs.elcomercio.es\/largo_de_cafe\/wp-json\/wp\/v2\/posts"}],"about":[{"href":"https:\/\/blogs.elcomercio.es\/largo_de_cafe\/wp-json\/wp\/v2\/types\/post"}],"author":[{"embeddable":true,"href":"https:\/\/blogs.elcomercio.es\/largo_de_cafe\/wp-json\/wp\/v2\/users\/2"}],"replies":[{"embeddable":true,"href":"https:\/\/blogs.elcomercio.es\/largo_de_cafe\/wp-json\/wp\/v2\/comments?post=9598"}],"version-history":[{"count":2,"href":"https:\/\/blogs.elcomercio.es\/largo_de_cafe\/wp-json\/wp\/v2\/posts\/9598\/revisions"}],"predecessor-version":[{"id":9600,"href":"https:\/\/blogs.elcomercio.es\/largo_de_cafe\/wp-json\/wp\/v2\/posts\/9598\/revisions\/9600"}],"wp:attachment":[{"href":"https:\/\/blogs.elcomercio.es\/largo_de_cafe\/wp-json\/wp\/v2\/media?parent=9598"}],"wp:term":[{"taxonomy":"category","embeddable":true,"href":"https:\/\/blogs.elcomercio.es\/largo_de_cafe\/wp-json\/wp\/v2\/categories?post=9598"},{"taxonomy":"post_tag","embeddable":true,"href":"https:\/\/blogs.elcomercio.es\/largo_de_cafe\/wp-json\/wp\/v2\/tags?post=9598"}],"curies":[{"name":"wp","href":"https:\/\/api.w.org\/{rel}","templated":true}]}}