{"id":96,"date":"2007-10-02T23:59:55","date_gmt":"2007-10-02T23:59:55","guid":{"rendered":"http:\/\/blogs.elcomercio.es\/largo_de_cafe\/?p=96"},"modified":"2007-10-02T23:59:55","modified_gmt":"2007-10-02T23:59:55","slug":"las-cosas-claras","status":"publish","type":"post","link":"https:\/\/blogs.elcomercio.es\/largo_de_cafe\/2007\/10\/02\/las-cosas-claras\/","title":{"rendered":"LAS COSAS CLARAS"},"content":{"rendered":"<p>El debate sobre el estado de la regi\u00f3n llega en un momento inoportuno, a los tres meses de la celebraci\u00f3n del pleno de investidura. Los datos econ\u00f3micos y sociales de Asturias son los mismos que hace un trimestre, los proyectos para este mandato ya han sido descritos y los problemas no hubo tiempo de resolverlos. Las intervenciones de los l\u00edderes pol\u00edticos ser\u00e1n un calco de lo o\u00eddo en la sesi\u00f3n de investidura, pero lo malo no est\u00e1 en la repetici\u00f3n, sino en ahondar en las diferencias entre partidos al empezar el curso pol\u00edtico, cuando es m\u00e1s necesario el consenso. Las tres principales iniciativas del Gobierno para este curso: aprobaci\u00f3n de los Presupuestos del Principado para el a\u00f1o 2008, la reforma del Estatuto de Autonom\u00eda y la concertaci\u00f3n social, necesitan del apoyo de otras fuerzas pol\u00edticas.<br \/>\n     El presidente Areces ha puesto el dedo en la llaga al pedir que la actividad pol\u00edtica no frene el crecimiento econ\u00f3mico. M\u00e1s que la pol\u00edtica habr\u00eda que hablar de la politiquer\u00eda o de los intereses de partido. En Asturias hay una gran estabilidad, el crecimiento econ\u00f3mico es muy parecido al de los a\u00f1os precedentes, el gasto social se mantiene porque las pol\u00edticas que lo impulsan son las mismas, y en cuanto a las inversiones en infraestructuras se atienen al mismo programa que en la pasada legislatura. Sin embargo, todo el mundo percibe que ser\u00e1 dif\u00edcil que las propuestas del Gobierno prosperen en la Junta General del Principado.<br \/>\n      Al presidente le corresponde buscarse aliados en la C\u00e1mara para sacar adelante sus planes. Esa es la l\u00f3gica de los sistemas parlamentarios: no se puede gobernar contra una mayor\u00eda de esca\u00f1os. Para obtener el visto bueno del Parlamento el ex presidente Aznar lleg\u00f3 a hablar catal\u00e1n en la intimidad, as\u00ed que se trata de una tarea en la que no cabe escatimar esfuerzos. No obstante, es oportuno advertir que ser\u00eda un contrasentido que una oposici\u00f3n de naturaleza heterog\u00e9nea, como la formada por el PP e IU, realizara sistem\u00e1ticamente una pol\u00edtica homog\u00e9nea cuando se trata de confrontar con el Gobierno. Cuando las relaciones entre los representantes pol\u00edticos est\u00e1n sesgadas por intereses particulares, deben alzarse voces desde la opini\u00f3n p\u00fablica en defensa de los intereses generales. Asturias no puede quedar en lista de espera hasta que los l\u00edderes pol\u00edticos se pongan de acuerdo, cuando el motivo de la discrepancia no est\u00e1 en la soluci\u00f3n a los problemas, sino en el encaje de los pol\u00edticos en las instituciones.  <\/p>\n<!-- AddThis Advanced Settings generic via filter on the_content --><!-- AddThis Share Buttons generic via filter on the_content -->","protected":false},"excerpt":{"rendered":"<p>El debate sobre el estado de la regi\u00f3n llega en un momento inoportuno, a los tres meses de la celebraci\u00f3n del pleno de investidura. Los datos econ\u00f3micos y sociales de Asturias son los mismos que hace un trimestre, los proyectos para este mandato ya han sido descritos y los problemas no hubo tiempo de resolverlos. [&hellip;]<!-- AddThis Advanced Settings generic via filter on get_the_excerpt --><!-- AddThis Share Buttons generic via filter on get_the_excerpt --><\/p>\n","protected":false},"author":2,"featured_media":0,"comment_status":"open","ping_status":"closed","sticky":false,"template":"","format":"standard","meta":[],"categories":[4],"tags":[],"_links":{"self":[{"href":"https:\/\/blogs.elcomercio.es\/largo_de_cafe\/wp-json\/wp\/v2\/posts\/96"}],"collection":[{"href":"https:\/\/blogs.elcomercio.es\/largo_de_cafe\/wp-json\/wp\/v2\/posts"}],"about":[{"href":"https:\/\/blogs.elcomercio.es\/largo_de_cafe\/wp-json\/wp\/v2\/types\/post"}],"author":[{"embeddable":true,"href":"https:\/\/blogs.elcomercio.es\/largo_de_cafe\/wp-json\/wp\/v2\/users\/2"}],"replies":[{"embeddable":true,"href":"https:\/\/blogs.elcomercio.es\/largo_de_cafe\/wp-json\/wp\/v2\/comments?post=96"}],"version-history":[{"count":0,"href":"https:\/\/blogs.elcomercio.es\/largo_de_cafe\/wp-json\/wp\/v2\/posts\/96\/revisions"}],"wp:attachment":[{"href":"https:\/\/blogs.elcomercio.es\/largo_de_cafe\/wp-json\/wp\/v2\/media?parent=96"}],"wp:term":[{"taxonomy":"category","embeddable":true,"href":"https:\/\/blogs.elcomercio.es\/largo_de_cafe\/wp-json\/wp\/v2\/categories?post=96"},{"taxonomy":"post_tag","embeddable":true,"href":"https:\/\/blogs.elcomercio.es\/largo_de_cafe\/wp-json\/wp\/v2\/tags?post=96"}],"curies":[{"name":"wp","href":"https:\/\/api.w.org\/{rel}","templated":true}]}}