{"id":9603,"date":"2023-11-09T23:38:22","date_gmt":"2023-11-09T22:38:22","guid":{"rendered":"https:\/\/blogs.elcomercio.es\/largo_de_cafe\/?p=9603"},"modified":"2023-11-09T23:38:22","modified_gmt":"2023-11-09T22:38:22","slug":"gallardo-puigdemont-y-la-calle","status":"publish","type":"post","link":"https:\/\/blogs.elcomercio.es\/largo_de_cafe\/2023\/11\/09\/gallardo-puigdemont-y-la-calle\/","title":{"rendered":"GALLARDO, PUIGDEMONT Y LA CALLE"},"content":{"rendered":"<p class=\"v-p\">La pol\u00edtica de comunidades aut\u00f3nomas y ayuntamientos vive encapsulada en los l\u00edmites de sus competencias y permanece, con frecuencia, ajena a los avatares de dimensi\u00f3n nacional e internacional. Este fen\u00f3meno no se da entre los ciudadanos que dirigen su atenci\u00f3n a las manifestaciones p\u00fablicas, bien sea de car\u00e1cter local, regional, estatal o mundial, seg\u00fan la importancia del momento. Andando entre la gente se filtran restos de di\u00e1logo que van desde asuntos de barrio hasta el fen\u00f3meno Trump, pasando por la amnist\u00eda.<\/p>\n<p class=\"v-p\">Me viene a la cabeza esta reflexi\u00f3n tras comprobar el animado cruce de declaraciones entre el presidente del Principado, Adri\u00e1n Barb\u00f3n, el vicepresidente de la Junta de Castilla y Le\u00f3n, Juan Garc\u00eda Gallardo, y el secretario general de los socialistas castellanos, Luis Tudanca. El primero en tomar la iniciativa en las redes sociales fue Gallardo: \u00abEres un traidor a tu tierra como todos los socialistas que no han roto su carnet del PSOE\u00bb. La invectiva estaba motivada por el posicionamiento de Barb\u00f3n ante la quita de deuda para Catalu\u00f1a (15.000 millones de euros) acordada entre la direcci\u00f3n del PSOE y ERC. Todas las veces que el presidente asturiano se refiri\u00f3 al asunto de la deuda catalana fue para decir que ped\u00eda o exig\u00eda un trato equitativo para todos los territorios. Gallardo, que es un vicepresidente de gobierno sin haber pasado por la etapa de Preescolar en la pol\u00edtica -sin que ello fuera \u00f3bice para que Vox lo pusiera al frente de la candidatura auton\u00f3mica-, entendi\u00f3 cualquier otra cosa, y por eso lo calific\u00f3 de \u00abtraidor\u00bb, presentando como prueba el carnet intacto del PSOE de Barb\u00f3n. El presidente asturiano exigi\u00f3 a Fern\u00e1ndez Ma\u00f1ueco, presidente auton\u00f3mico de Castilla y Le\u00f3n, que lo desautorizara porque \u00abtambi\u00e9n insulta al pueblo asturiano\u00bb. Tudanca terci\u00f3 en el debate para pedir a Ma\u00f1ueco que eche a Gallardo.<\/p>\n<p class=\"v-p\">Con la que est\u00e1 cayendo, no entiendo c\u00f3mo dirigentes de dos comunidades distintas se enredan en un asunto tan anecd\u00f3tico como rid\u00edculo. Para suscribir el &#8216;tuit&#8217; de Gallardo hay que ser muy estulto, as\u00ed que no cabe contestaci\u00f3n racional. No s\u00e9 qu\u00e9 pensar\u00e1 el mill\u00f3n de asturianos restante, pero a m\u00ed ese jinete no me ofende ni intent\u00e1ndolo. Lo sensato -ayer, hoy o ma\u00f1ana- es hablar de la amnist\u00eda, porque est\u00e1 la gente en la calle. Esa es la gran preocupaci\u00f3n del momento: \u00bfc\u00f3mo los enemigos de la Constituci\u00f3n, que trataron de convertirla en papel mojado, van a pasar por decisi\u00f3n del Gobierno de convictos a h\u00e9roes? El que me ofende es Puigdemont.<\/p>\n<p>&nbsp;<\/p>\n<!-- AddThis Advanced Settings generic via filter on the_content --><!-- AddThis Share Buttons generic via filter on the_content -->","protected":false},"excerpt":{"rendered":"<p>La pol\u00edtica de comunidades aut\u00f3nomas y ayuntamientos vive encapsulada en los l\u00edmites de sus competencias y permanece, con frecuencia, ajena a los avatares de dimensi\u00f3n nacional e internacional. Este fen\u00f3meno no se da entre los ciudadanos que dirigen su atenci\u00f3n a las manifestaciones p\u00fablicas, bien sea de car\u00e1cter local, regional, estatal o mundial, seg\u00fan la [&hellip;]<!-- AddThis Advanced Settings generic via filter on get_the_excerpt --><!-- AddThis Share Buttons generic via filter on get_the_excerpt --><\/p>\n","protected":false},"author":2,"featured_media":0,"comment_status":"open","ping_status":"open","sticky":false,"template":"","format":"standard","meta":[],"categories":[1],"tags":[],"_links":{"self":[{"href":"https:\/\/blogs.elcomercio.es\/largo_de_cafe\/wp-json\/wp\/v2\/posts\/9603"}],"collection":[{"href":"https:\/\/blogs.elcomercio.es\/largo_de_cafe\/wp-json\/wp\/v2\/posts"}],"about":[{"href":"https:\/\/blogs.elcomercio.es\/largo_de_cafe\/wp-json\/wp\/v2\/types\/post"}],"author":[{"embeddable":true,"href":"https:\/\/blogs.elcomercio.es\/largo_de_cafe\/wp-json\/wp\/v2\/users\/2"}],"replies":[{"embeddable":true,"href":"https:\/\/blogs.elcomercio.es\/largo_de_cafe\/wp-json\/wp\/v2\/comments?post=9603"}],"version-history":[{"count":1,"href":"https:\/\/blogs.elcomercio.es\/largo_de_cafe\/wp-json\/wp\/v2\/posts\/9603\/revisions"}],"predecessor-version":[{"id":9604,"href":"https:\/\/blogs.elcomercio.es\/largo_de_cafe\/wp-json\/wp\/v2\/posts\/9603\/revisions\/9604"}],"wp:attachment":[{"href":"https:\/\/blogs.elcomercio.es\/largo_de_cafe\/wp-json\/wp\/v2\/media?parent=9603"}],"wp:term":[{"taxonomy":"category","embeddable":true,"href":"https:\/\/blogs.elcomercio.es\/largo_de_cafe\/wp-json\/wp\/v2\/categories?post=9603"},{"taxonomy":"post_tag","embeddable":true,"href":"https:\/\/blogs.elcomercio.es\/largo_de_cafe\/wp-json\/wp\/v2\/tags?post=9603"}],"curies":[{"name":"wp","href":"https:\/\/api.w.org\/{rel}","templated":true}]}}