{"id":9614,"date":"2023-11-15T01:02:02","date_gmt":"2023-11-15T00:02:02","guid":{"rendered":"https:\/\/blogs.elcomercio.es\/largo_de_cafe\/?p=9614"},"modified":"2023-11-15T01:02:02","modified_gmt":"2023-11-15T00:02:02","slug":"la-ruta-de-los-pactos","status":"publish","type":"post","link":"https:\/\/blogs.elcomercio.es\/largo_de_cafe\/2023\/11\/15\/la-ruta-de-los-pactos\/","title":{"rendered":"LA RUTA DE LOS PACTOS"},"content":{"rendered":"<p class=\"v-p\">El aspecto m\u00e1s llamativo del texto donde queda plasmado el pacto entre PSOE y Junts no es la on\u00edrica recreaci\u00f3n de la historia de Catalu\u00f1a o la facilidad con que convierten un acuerdo de investidura en un tratado internacional con &#8216;mecanismo&#8217; de mediaci\u00f3n incluido, sino que ambas partes digan que tienen \u00abdiscrepancias estructurales\u00bb, \u00abdesconfianzas mutuas\u00bb o \u00abprofundas divergencias\u00bb sobre lo m\u00e1s sustancial del acuerdo que son las soluciones propuestas.<\/p>\n<p class=\"v-p\">Leyendo el texto se entiende que la negociaci\u00f3n haya sido larga y exasperante para ambas partes, porque en caso contrario se hubieran limitado a narrar las coincidencias. Del relato se desprende que Puigdemont convirti\u00f3 la negociaci\u00f3n en un desahogo y Santos Cerd\u00e1n (n\u00famero 3 del PSOE) renunci\u00f3 a argumentar, temeroso de incurrir en falta de respeto, y se centr\u00f3 en dejar impresas las objeciones de rigor.<\/p>\n<p class=\"v-p\">El comunicado final convierte la investidura de Pedro S\u00e1nchez en un punto y seguido, porque a los pocos d\u00edas de ser elegido presidente empieza el primer encuentro internacional (dicen que en Suiza), con las dos delegaciones, espa\u00f1ola y catalana, flanqueadas por la cuadrilla de relatores.<\/p>\n<p class=\"v-p\">Si se cumplen las previsiones, resueltas las cuestiones metodol\u00f3gicas, empezar\u00e1n a hablar enseguida de refer\u00e9ndum de autodeterminaci\u00f3n y del nuevo estatus de Catalu\u00f1a, como naci\u00f3n. No ser\u00e1 como otras veces, cuando no exist\u00edan plazos ni citas, sino que esta vez todo ser\u00e1 tramitado de urgencia.<\/p>\n<p class=\"v-p\">Imagino las sesiones de negociaci\u00f3n como un toma y daca permanente, que por muchas maniobras de distracci\u00f3n que prodiguen los representantes socialistas, habr\u00e1 que entrar en la v\u00eda de buscar un punto intermedio, como ocurre en todas las negociaciones constructivas.<\/p>\n<div class=\"v-c-cmp v-n-mrg\">\n<h3 class=\"v-d-cmp-sub-hl\">Premisas<\/h3>\n<\/div>\n<p class=\"v-p\">El proceso negociador se iniciar\u00e1 marcado por dos premisas: si los independentistas consideran, en un momento dado, que el PSOE no va a hacer concesiones sustanciales sobre asuntos nucleares pondr\u00e1n fin a la legislatura; Pedro S\u00e1nchez no puede convocar elecciones generales hasta 2025, si quiere evitar una derrota cierta en las urnas.<\/p>\n<p class=\"v-p\">De todo lo anterior se desprende una consecuencia: los acuerdos alcanzados con Junts, ERC y PNV por los socialistas evidencian que Pedro S\u00e1nchez cruz\u00f3 el Rubic\u00f3n. El proyecto pol\u00edtico que nace en la sesi\u00f3n de investidura, de esta semana, no podr\u00e1 tener como grandes referencias la interpretaci\u00f3n cristalina del texto constitucional, la defensa expl\u00edcita de la monarqu\u00eda parlamentaria o el respeto sin tacha a la independencia del poder judicial. En caso contrario, no habr\u00eda llegado a unos acuerdos tan rasposos, de indigerible lectura para un ciudadano dem\u00f3crata. Es m\u00e1s, S\u00e1nchez hubiera contado, igualmente, con los votos de Junts y PNV, sin hacer tantas concesiones como p\u00e1rrafos hay en los textos pactados, porque esos dos grupos necesitan tanto a S\u00e1nchez para lograr sus objetivos, como el presidente en funciones a ellos.<\/p>\n<p class=\"v-p\">Nadie debe escandalizarse porque la evoluci\u00f3n del proyecto pol\u00edtico encabezado por S\u00e1nchez ya empez\u00f3 en la pasada legislatura, con los decretos-ley, como \u00fanica forma de iniciativa parlamentaria, con la evitaci\u00f3n de los \u00f3rganos reguladores y consultivos, con los ataques a los jueces, con el inter\u00e9s por el accionariado de algunas grandes empresas. Por no hablar de la metamorfosis producida en el PSOE.<\/p>\n<div class=\"v-c-cmp v-n-mrg\">\n<h3 class=\"v-d-cmp-sub-hl\">Anticonstitucionales<\/h3>\n<\/div>\n<p class=\"v-p\">Acept\u00f3 firmar unos acuerdos escorados a favor de los intereses nacionalistas porque toca integrar en el discurso pol\u00edtico una parte de sus aspiraciones. No se puede seguir gobernando con los anticonstitucionales, como \u00fanicos socios, desde una perspectiva rigurosamente constitucional. Hay que armonizar las contradicciones.<\/p>\n<p class=\"v-p\">Las instituciones auton\u00f3micas asturianas y la opini\u00f3n p\u00fablica deben prepararse para un tiempo que ser\u00e1 diferente, con mucha presi\u00f3n del Gobierno para hacer normal en la calle, lo que el presidente normaliz\u00f3 en las instituciones. Costar\u00e1 mucho disociar a Puigdemont del perfil del delincuente. Es probable que haya que posicionarse sobre refer\u00e9ndum disgregadores, como ahora se protesta contra la amnist\u00eda, y tocar\u00e1 defenderse ante los privilegios territoriales dados a las regiones gobernadas por independentistas.<\/p>\n<p class=\"v-p\">Bajo ning\u00fan concepto podemos permitir que la Agencia Tributaria se retire de Catalu\u00f1a. La Generalitat tendr\u00e1 que seguir aportando a los fondos de nivelaci\u00f3n (solidaridad) del sistema de financiaci\u00f3n auton\u00f3mica. Desde el a\u00f1o 2009 en que se aprob\u00f3 el actual modelo, Madrid aport\u00f3 casi 50.000 millones y Catalu\u00f1a, con el mismo PIB que Madrid, s\u00f3lo 17.200. Por algo rima nacionalismo con ego\u00edsmo.<\/p>\n<p class=\"v-p\">Lo mismo cabe decir con el permiso dado al PNV para que trocee la Seguridad Social. Llevan a\u00f1os con la mirada puesta en la caja \u00fanica. Las dos principales herramientas que tiene el Estado para practicar la solidaridad social y territorial son el Impuesto de Sociedades (gracias a un profesor asturiano que aconsej\u00f3 no transferir un porcentaje de su recaudaci\u00f3n a las comunidades aut\u00f3nomas) y la caja \u00fanica de la Seguridad Social. Ten\u00eda que llegar el presidente m\u00e1s &#8216;rojo&#8217; de la democracia para dar satisfacci\u00f3n al partido de la burgues\u00eda vasca. Qu\u00e9 progresista es permitir un sistema de pensiones donde los octogenarios de Baracaldo tengan una pensi\u00f3n m\u00e1s alta que los de Avil\u00e9s porque, a igual cotizaci\u00f3n, marcan la diferencia los complementos que se permite financiar la privilegiada Hacienda foral.<\/p>\n<p>&nbsp;<\/p>\n<!-- AddThis Advanced Settings generic via filter on the_content --><!-- AddThis Share Buttons generic via filter on the_content -->","protected":false},"excerpt":{"rendered":"<p>El aspecto m\u00e1s llamativo del texto donde queda plasmado el pacto entre PSOE y Junts no es la on\u00edrica recreaci\u00f3n de la historia de Catalu\u00f1a o la facilidad con que convierten un acuerdo de investidura en un tratado internacional con &#8216;mecanismo&#8217; de mediaci\u00f3n incluido, sino que ambas partes digan que tienen \u00abdiscrepancias estructurales\u00bb, \u00abdesconfianzas mutuas\u00bb [&hellip;]<!-- AddThis Advanced Settings generic via filter on get_the_excerpt --><!-- AddThis Share Buttons generic via filter on get_the_excerpt --><\/p>\n","protected":false},"author":2,"featured_media":0,"comment_status":"open","ping_status":"open","sticky":false,"template":"","format":"standard","meta":[],"categories":[1],"tags":[],"_links":{"self":[{"href":"https:\/\/blogs.elcomercio.es\/largo_de_cafe\/wp-json\/wp\/v2\/posts\/9614"}],"collection":[{"href":"https:\/\/blogs.elcomercio.es\/largo_de_cafe\/wp-json\/wp\/v2\/posts"}],"about":[{"href":"https:\/\/blogs.elcomercio.es\/largo_de_cafe\/wp-json\/wp\/v2\/types\/post"}],"author":[{"embeddable":true,"href":"https:\/\/blogs.elcomercio.es\/largo_de_cafe\/wp-json\/wp\/v2\/users\/2"}],"replies":[{"embeddable":true,"href":"https:\/\/blogs.elcomercio.es\/largo_de_cafe\/wp-json\/wp\/v2\/comments?post=9614"}],"version-history":[{"count":1,"href":"https:\/\/blogs.elcomercio.es\/largo_de_cafe\/wp-json\/wp\/v2\/posts\/9614\/revisions"}],"predecessor-version":[{"id":9615,"href":"https:\/\/blogs.elcomercio.es\/largo_de_cafe\/wp-json\/wp\/v2\/posts\/9614\/revisions\/9615"}],"wp:attachment":[{"href":"https:\/\/blogs.elcomercio.es\/largo_de_cafe\/wp-json\/wp\/v2\/media?parent=9614"}],"wp:term":[{"taxonomy":"category","embeddable":true,"href":"https:\/\/blogs.elcomercio.es\/largo_de_cafe\/wp-json\/wp\/v2\/categories?post=9614"},{"taxonomy":"post_tag","embeddable":true,"href":"https:\/\/blogs.elcomercio.es\/largo_de_cafe\/wp-json\/wp\/v2\/tags?post=9614"}],"curies":[{"name":"wp","href":"https:\/\/api.w.org\/{rel}","templated":true}]}}