{"id":9648,"date":"2023-11-30T22:25:13","date_gmt":"2023-11-30T21:25:13","guid":{"rendered":"https:\/\/blogs.elcomercio.es\/largo_de_cafe\/?p=9648"},"modified":"2023-11-30T22:25:13","modified_gmt":"2023-11-30T21:25:13","slug":"el-tsunami-de-la-dependencia","status":"publish","type":"post","link":"https:\/\/blogs.elcomercio.es\/largo_de_cafe\/2023\/11\/30\/el-tsunami-de-la-dependencia\/","title":{"rendered":"EL TSUNAMI DE LA DEPENDENCIA"},"content":{"rendered":"<p class=\"v-p\">La creciente demanda de prestaciones sociales presiona con fuerza al Principado. El fen\u00f3meno era conocido desde hace muchos a\u00f1os, pero en pol\u00edtica las medidas previsoras son dif\u00edciles de aplicar porque siempre mandan las urgencias del presente. La petici\u00f3n de ayudas para paliar los problemas de autonom\u00eda personal ya forma parte de ese presente, al crecer de forma acelerada el n\u00famero de ciudadanos que se quieren acoger a las prestaciones de la Ley de Dependencia, aprobada el 1 de abril de 2007, en v\u00edsperas de la Gran Recesi\u00f3n.<\/p>\n<p class=\"v-p\">Hace tan solo cuatro a\u00f1os, hab\u00eda 21.000 asturianos acogidos al sistema de la Dependencia, mientras que ahora hay 32.000, aunque 2.000 de ellos todav\u00eda no reciben la prestaci\u00f3n. Seg\u00fan el Instituto de Mayores y Servicios Sociales (Imserso), el 20% de los asturianos tendr\u00e1 en 2030 alg\u00fan tipo de dependencia: casi 200.000. La progresi\u00f3n es creciente y si hoy d\u00eda las listas de espera son un problema, dentro seis o siete a\u00f1os, como tarde, se habr\u00e1 producido un colapso en el sistema de la Dependencia.<\/p>\n<p class=\"v-p\">Partamos de un punto indiscutible: la incapacidad para valerse por uno mismo es una realidad a la que las democracias deben responder cuando dejan de ser casos aislados o anecd\u00f3ticos y pasan a convertirse en un problema colectivo. Reconozcamos, tambi\u00e9n, que la Ley de Dependencia fue aprobada en tiempos de bonanza econ\u00f3mica, donde el Estado ten\u00eda super\u00e1vit, y liderada por un ministro de Trabajo y Asuntos Sociales, Jes\u00fas Caldera, que era la encarnaci\u00f3n del optimismo. El mismo 1 de abril nos dejaba este titular: \u00abEspa\u00f1a alcanzar\u00e1 el pleno empleo en los pr\u00f3ximos cuatro a\u00f1os\u00bb. Cuatro a\u00f1os m\u00e1s tarde Espa\u00f1a rozaba el r\u00e9cord del desempleo. La Ley no contemplaba la financiaci\u00f3n de las prestaciones, como si fueran una consecuencia de la abundancia. A partir de todo lo anterior hay que gestionar la realidad de los dependientes. El Principado tiene que aumentar, sensiblemente, la cobertura presupuestaria, a\u00fan sabiendo que este asunto exige un replanteamiento por parte del Estado. Como en las prestaciones sanitarias, hay que intentar que el beneficiario viva en su casa y para eso es preciso llegar a acuerdos con familias y entidades sociales. Deben de crearse m\u00e1s geri\u00e1tricos, sin obsesionarse con que sean entidades p\u00fablicas o privadas, el caso es que satisfagan las necesidades de las personas m\u00e1s necesitadas de ayuda que siempre acaban recalando en ellos. El problema pide la realizaci\u00f3n de unas jornadas nacionales que bien podr\u00edan celebrarse en Asturias.<\/p>\n<p>&nbsp;<\/p>\n<!-- AddThis Advanced Settings generic via filter on the_content --><!-- AddThis Share Buttons generic via filter on the_content -->","protected":false},"excerpt":{"rendered":"<p>La creciente demanda de prestaciones sociales presiona con fuerza al Principado. El fen\u00f3meno era conocido desde hace muchos a\u00f1os, pero en pol\u00edtica las medidas previsoras son dif\u00edciles de aplicar porque siempre mandan las urgencias del presente. La petici\u00f3n de ayudas para paliar los problemas de autonom\u00eda personal ya forma parte de ese presente, al crecer [&hellip;]<!-- AddThis Advanced Settings generic via filter on get_the_excerpt --><!-- AddThis Share Buttons generic via filter on get_the_excerpt --><\/p>\n","protected":false},"author":2,"featured_media":0,"comment_status":"open","ping_status":"open","sticky":false,"template":"","format":"standard","meta":[],"categories":[1],"tags":[],"_links":{"self":[{"href":"https:\/\/blogs.elcomercio.es\/largo_de_cafe\/wp-json\/wp\/v2\/posts\/9648"}],"collection":[{"href":"https:\/\/blogs.elcomercio.es\/largo_de_cafe\/wp-json\/wp\/v2\/posts"}],"about":[{"href":"https:\/\/blogs.elcomercio.es\/largo_de_cafe\/wp-json\/wp\/v2\/types\/post"}],"author":[{"embeddable":true,"href":"https:\/\/blogs.elcomercio.es\/largo_de_cafe\/wp-json\/wp\/v2\/users\/2"}],"replies":[{"embeddable":true,"href":"https:\/\/blogs.elcomercio.es\/largo_de_cafe\/wp-json\/wp\/v2\/comments?post=9648"}],"version-history":[{"count":1,"href":"https:\/\/blogs.elcomercio.es\/largo_de_cafe\/wp-json\/wp\/v2\/posts\/9648\/revisions"}],"predecessor-version":[{"id":9649,"href":"https:\/\/blogs.elcomercio.es\/largo_de_cafe\/wp-json\/wp\/v2\/posts\/9648\/revisions\/9649"}],"wp:attachment":[{"href":"https:\/\/blogs.elcomercio.es\/largo_de_cafe\/wp-json\/wp\/v2\/media?parent=9648"}],"wp:term":[{"taxonomy":"category","embeddable":true,"href":"https:\/\/blogs.elcomercio.es\/largo_de_cafe\/wp-json\/wp\/v2\/categories?post=9648"},{"taxonomy":"post_tag","embeddable":true,"href":"https:\/\/blogs.elcomercio.es\/largo_de_cafe\/wp-json\/wp\/v2\/tags?post=9648"}],"curies":[{"name":"wp","href":"https:\/\/api.w.org\/{rel}","templated":true}]}}