{"id":97,"date":"2007-10-04T00:25:34","date_gmt":"2007-10-04T00:25:34","guid":{"rendered":"http:\/\/blogs.elcomercio.es\/largo_de_cafe\/?p=97"},"modified":"2007-10-04T00:25:34","modified_gmt":"2007-10-04T00:25:34","slug":"la-oposicion-objeta","status":"publish","type":"post","link":"https:\/\/blogs.elcomercio.es\/largo_de_cafe\/2007\/10\/04\/la-oposicion-objeta\/","title":{"rendered":"LA OPOSICI\u00d3N OBJETA"},"content":{"rendered":"<p>    La segunda jornada del debate sobre el estado de la regi\u00f3n ha servido para confirmar la gran distancia que media entre el Gobierno y los dos partidos de oposici\u00f3n. El l\u00edder del PP ha acusado al presidente Areces de carecer de cintura pol\u00edtica, y de actuar desde el sectarismo, la prepotencia y el discurso de partido. Para Ovidio S\u00e1nchez el intento de Areces de imponer un programa y un presupuesto, estando en minor\u00eda en la C\u00e1mara, es una actitud suicida. En cuanto a IU, su portavoz, Jes\u00fas Iglesias, recurri\u00f3 al argumento de la involuci\u00f3n del Principado en las pol\u00edticas sociales, y puso como ejemplo el cuestionamiento del salario social. Con ese giro en pol\u00edticas sociales, seg\u00fan Iglesias, le ser\u00e1 muy dif\u00edcil configurar una mayor\u00eda pol\u00edtica.<br \/>\n     Las intervenciones de los l\u00edderes de la oposici\u00f3n se atuvieron a las previsiones, al igual que la del presidente Areces en la v\u00edspera. S\u00f3lo hubo alguna peque\u00f1a sorpresa cuando Ovidio S\u00e1nchez dijo que estaba dispuesto a llegar a acuerdos con IU sobre grandes asuntos, y puso como ejemplo el rechazo al embalse de Caleao. En principio, al PP le toca liderar la oposici\u00f3n, no ir a remolque de propuestas de IU. En cualquier caso, para un grupo que es alternativa de gobierno, como el PP que se qued\u00f3 a un esca\u00f1o de los socialistas, el rechazo a Caleao le obliga a plantear alternativas de abastecimiento de agua, sin caer en coartadas ecologistas que no conmueven a su electorado. Traer agua del Occidente de la regi\u00f3n, con un coste cuatro o cinco veces superior al de la tra\u00edda del alto Nal\u00f3n, y de peor calidad, no es una propuesta feliz. Puede que todo esto sean consideraciones menores ante la oportunidad de sumar fuerzas con IU para derrotar al Gobierno.<br \/>\n     El presidente Areces se ofreci\u00f3 a negociar el Presupuesto del Principado con los grupos de oposici\u00f3n. Puede ser \u00fatil explorar esa v\u00eda antes de debatir las cuentas en sesi\u00f3n parlamentaria. El PP, por razones de estrategia pol\u00edtica nacional, no va a llegar a ning\u00fan acuerdo, como ninguna oposici\u00f3n socialista apoya los presupuestos de un gobierno del PP. En cuanto a IU, hay una remota posibilidad de que se avenga a la negociaci\u00f3n introduciendo fuertes modificaciones en las cuentas, y con el objetivo a\u00f1adido de apoyar las inversiones en los ayuntamientos que gobierna. En caso de llegar a un pacto de ese tipo, se har\u00e1 muy dif\u00edcil mantener a IU fuera del Gobierno. Pese a todas estas consideraciones, lo m\u00e1s probable es que el Presupuesto no supere la barrera del Parlamento.       <\/p>\n<!-- AddThis Advanced Settings generic via filter on the_content --><!-- AddThis Share Buttons generic via filter on the_content -->","protected":false},"excerpt":{"rendered":"<p>La segunda jornada del debate sobre el estado de la regi\u00f3n ha servido para confirmar la gran distancia que media entre el Gobierno y los dos partidos de oposici\u00f3n. El l\u00edder del PP ha acusado al presidente Areces de carecer de cintura pol\u00edtica, y de actuar desde el sectarismo, la prepotencia y el discurso de [&hellip;]<!-- AddThis Advanced Settings generic via filter on get_the_excerpt --><!-- AddThis Share Buttons generic via filter on get_the_excerpt --><\/p>\n","protected":false},"author":2,"featured_media":0,"comment_status":"open","ping_status":"closed","sticky":false,"template":"","format":"standard","meta":[],"categories":[4],"tags":[],"_links":{"self":[{"href":"https:\/\/blogs.elcomercio.es\/largo_de_cafe\/wp-json\/wp\/v2\/posts\/97"}],"collection":[{"href":"https:\/\/blogs.elcomercio.es\/largo_de_cafe\/wp-json\/wp\/v2\/posts"}],"about":[{"href":"https:\/\/blogs.elcomercio.es\/largo_de_cafe\/wp-json\/wp\/v2\/types\/post"}],"author":[{"embeddable":true,"href":"https:\/\/blogs.elcomercio.es\/largo_de_cafe\/wp-json\/wp\/v2\/users\/2"}],"replies":[{"embeddable":true,"href":"https:\/\/blogs.elcomercio.es\/largo_de_cafe\/wp-json\/wp\/v2\/comments?post=97"}],"version-history":[{"count":0,"href":"https:\/\/blogs.elcomercio.es\/largo_de_cafe\/wp-json\/wp\/v2\/posts\/97\/revisions"}],"wp:attachment":[{"href":"https:\/\/blogs.elcomercio.es\/largo_de_cafe\/wp-json\/wp\/v2\/media?parent=97"}],"wp:term":[{"taxonomy":"category","embeddable":true,"href":"https:\/\/blogs.elcomercio.es\/largo_de_cafe\/wp-json\/wp\/v2\/categories?post=97"},{"taxonomy":"post_tag","embeddable":true,"href":"https:\/\/blogs.elcomercio.es\/largo_de_cafe\/wp-json\/wp\/v2\/tags?post=97"}],"curies":[{"name":"wp","href":"https:\/\/api.w.org\/{rel}","templated":true}]}}