{"id":98,"date":"2007-10-05T00:19:06","date_gmt":"2007-10-05T00:19:06","guid":{"rendered":"http:\/\/blogs.elcomercio.es\/largo_de_cafe\/?p=98"},"modified":"2007-10-05T00:19:06","modified_gmt":"2007-10-05T00:19:06","slug":"el-juego-fuerzas","status":"publish","type":"post","link":"https:\/\/blogs.elcomercio.es\/largo_de_cafe\/2007\/10\/05\/el-juego-fuerzas\/","title":{"rendered":"EL JUEGO DE FUERZAS"},"content":{"rendered":"<p>   El debate sobre el estado de la regi\u00f3n ha dejado apuntados los elementos del drama de esta legislatura auton\u00f3mica: la mayor\u00eda parlamentaria de una oposici\u00f3n unida, visible en algunas de las resoluciones aprobadas, y el posible acercamiento entre los dos grupos de izquierda para pactar asuntos importantes, como el Presupuesto del Principado. \u00bfCu\u00e1l de las dos tendencias marcar\u00e1 el curso pol\u00edtico?<br \/>\n    Ovidio S\u00e1nchez hab\u00eda advertido, al intervenir en el debate parlamentario, que el PP estaba dispuesto a unir sus fuerzas a IU para derrotar las pol\u00edticas del Gobierno, y as\u00ed lo ha hecho al votar contra la construcci\u00f3n del embalse de Caleao y a favor de un hospital para lesionados medulares en Langreo. La Junta General del Principado, como instituci\u00f3n auton\u00f3mica, rechaza construir una nueva presa en el alto Nal\u00f3n y quiere que el centro socio-sanitario de Langreo tenga dimensi\u00f3n cl\u00ednica. La oposici\u00f3n puede dejar en minor\u00eda al Gobierno en la C\u00e1mara, y as\u00ed lo ha hecho. Simult\u00e1neamente, IU ha contestado afirmativamente a la demanda del presidente Areces de negociar el contenido de los Presupuestos del Principado para el a\u00f1o 2008. De esta forma se abre una posibilidad, por remota que sea, para alcanzar un acuerdo entre los dos partidos sobre las cuentas regionales.<br \/>\n     El juego de fuerzas pol\u00edtico no est\u00e1 definitivamente decantado. En principio, el Gobierno tiene un papel muy dif\u00edcil, porque le toca llevar a cabo iniciativas y necesita autorizaci\u00f3n de la C\u00e1mara donde tienen mayor\u00eda de esca\u00f1os la oposici\u00f3n. En el corto plazo, no cabe duda que el Gobierno regional va a sufrir repetidos reveses parlamentarios, pero a medio plazo la situaci\u00f3n se volver\u00e1 muy complicada para IU. El mejor ejemplo de ello es que acepta entablar conversaciones con el Gobierno sobre los Presupuestos del Principado, y aparece votando con el PP en las resoluciones del embalse de Caleao y del hospital de parapl\u00e9jicos de Langreo. Ese doble juego puede mantenerse hasta las elecciones generales del pr\u00f3ximo a\u00f1o, pero luego tendr\u00e1 que decantarse hacia alg\u00fan lado. Si IU fuera un grupo de naturaleza centrista, un t\u00edpico partido bisagra, podr\u00eda oscilar hacia los dos lados del espectro ideol\u00f3gico, pero la izquierda de la izquierda no se puede permitir ambig\u00fcedades. El debate sobre el estado de la regi\u00f3n sirvi\u00f3 para dejar apuntadas las tendencias de la legislatura y para confirmar que el \u00fanico grupo que se encuentra realmente c\u00f3modo en este escenario es el PP.  <\/p>\n<!-- AddThis Advanced Settings generic via filter on the_content --><!-- AddThis Share Buttons generic via filter on the_content -->","protected":false},"excerpt":{"rendered":"<p>El debate sobre el estado de la regi\u00f3n ha dejado apuntados los elementos del drama de esta legislatura auton\u00f3mica: la mayor\u00eda parlamentaria de una oposici\u00f3n unida, visible en algunas de las resoluciones aprobadas, y el posible acercamiento entre los dos grupos de izquierda para pactar asuntos importantes, como el Presupuesto del Principado. \u00bfCu\u00e1l de las [&hellip;]<!-- AddThis Advanced Settings generic via filter on get_the_excerpt --><!-- AddThis Share Buttons generic via filter on get_the_excerpt --><\/p>\n","protected":false},"author":2,"featured_media":0,"comment_status":"open","ping_status":"closed","sticky":false,"template":"","format":"standard","meta":[],"categories":[4],"tags":[],"_links":{"self":[{"href":"https:\/\/blogs.elcomercio.es\/largo_de_cafe\/wp-json\/wp\/v2\/posts\/98"}],"collection":[{"href":"https:\/\/blogs.elcomercio.es\/largo_de_cafe\/wp-json\/wp\/v2\/posts"}],"about":[{"href":"https:\/\/blogs.elcomercio.es\/largo_de_cafe\/wp-json\/wp\/v2\/types\/post"}],"author":[{"embeddable":true,"href":"https:\/\/blogs.elcomercio.es\/largo_de_cafe\/wp-json\/wp\/v2\/users\/2"}],"replies":[{"embeddable":true,"href":"https:\/\/blogs.elcomercio.es\/largo_de_cafe\/wp-json\/wp\/v2\/comments?post=98"}],"version-history":[{"count":0,"href":"https:\/\/blogs.elcomercio.es\/largo_de_cafe\/wp-json\/wp\/v2\/posts\/98\/revisions"}],"wp:attachment":[{"href":"https:\/\/blogs.elcomercio.es\/largo_de_cafe\/wp-json\/wp\/v2\/media?parent=98"}],"wp:term":[{"taxonomy":"category","embeddable":true,"href":"https:\/\/blogs.elcomercio.es\/largo_de_cafe\/wp-json\/wp\/v2\/categories?post=98"},{"taxonomy":"post_tag","embeddable":true,"href":"https:\/\/blogs.elcomercio.es\/largo_de_cafe\/wp-json\/wp\/v2\/tags?post=98"}],"curies":[{"name":"wp","href":"https:\/\/api.w.org\/{rel}","templated":true}]}}