{"id":9817,"date":"2024-02-11T23:16:03","date_gmt":"2024-02-11T22:16:03","guid":{"rendered":"https:\/\/blogs.elcomercio.es\/largo_de_cafe\/?p=9817"},"modified":"2024-02-11T23:16:03","modified_gmt":"2024-02-11T22:16:03","slug":"tractorada-sin-interlocucion","status":"publish","type":"post","link":"https:\/\/blogs.elcomercio.es\/largo_de_cafe\/2024\/02\/11\/tractorada-sin-interlocucion\/","title":{"rendered":"TRACTORADA SIN INTERLOCUCI\u00d3N"},"content":{"rendered":"<p>La Asturias ganadera se suma a las movilizaciones espa\u00f1olas y europeas en defensa del sector primario. La tractorada entr\u00f3 por las calles de Oviedo y los manifestantes se acercaron al palacio de Presidencia del Gobierno en busca de interlocuci\u00f3n. Marcos L\u00edndez, consejero de Medio Rural y Pol\u00edtica Agraria, se encontraba de viaje en Grandas de Salime; la directora general de Ganader\u00eda tampoco los pudo recibir. Al parecer, con el consejero se podr\u00e1n reunir hoy. Cada naci\u00f3n, cada regi\u00f3n, tiene su propia problem\u00e1tica del campo, aunque todos coinciden en la necesidad de fijar precios justos para los productos, que es tanto como reclamar la aplicaci\u00f3n de la Ley de la Cadena Alimentaria (aprobada en 2021), que se basa en no aceptar precios que est\u00e9n por debajo del coste de producci\u00f3n de los alimentos. La propia palabra, &#8216;cadena&#8217;, ya indica que est\u00e1n otros agentes implicados, como la industria agroalimentaria y las empresas de distribuci\u00f3n. Otra reivindicaci\u00f3n compartida es el control de calidad de las importaciones provenientes de pa\u00edses ajenos a la Uni\u00f3n Europea. Pedro S\u00e1nchez dijo en Galicia (el 30,3% del voto gallego es rural) que habr\u00e1 un control como el de nuestros socios europeos.<\/p>\n<p>Una tercera reivindicaci\u00f3n es la reducci\u00f3n de la burocracia, totalmente exorbitada en la Pol\u00edtica Agraria Com\u00fan (PAC), al a\u00f1adir un denso trabajo administrativo a las tareas del campo. Insoportable. En nuestra regi\u00f3n la disminuci\u00f3n de la burocracia en la Administraci\u00f3n auton\u00f3mica es uno de los ejes del Gobierno de Adri\u00e1n Barb\u00f3n, aunque, por ahora, no se ha visto reflejada en medidas concretas. Para agricultores y ganaderos constituye un objetivo prioritario, ya que no pueden cumplir todas las exigencias nacidas del ingenio del personal de despachos. Otra medida demandada en Asturias, y en otros territorios del noroeste, es el control de la fauna salvaje, que tiene como corolario despojar al lobo del estatus de especie de \u00abprotecci\u00f3n especial\u00bb.<\/p>\n<p>Hubo otras movilizaciones ganaderas en Asturias. Recuerdo como especialmente impactante la realizada el 29 de diciembre de 2021, con quinientos tractores ocupando durante horas las calles del centro de Oviedo. Pero el movimiento actual es distinto, por su dimensi\u00f3n internacional, por lo que supone de rebeld\u00eda ante una PAC enfocada hacia la lucha contra el cambio clim\u00e1tico, sin importarle la supervivencia de las explotaciones agrarias, que cuestiona a trav\u00e9s de unas exigencias inasumibles para ganaderos y agricultores.<\/p>\n<!-- AddThis Advanced Settings generic via filter on the_content --><!-- AddThis Share Buttons generic via filter on the_content -->","protected":false},"excerpt":{"rendered":"<p>La Asturias ganadera se suma a las movilizaciones espa\u00f1olas y europeas en defensa del sector primario. La tractorada entr\u00f3 por las calles de Oviedo y los manifestantes se acercaron al palacio de Presidencia del Gobierno en busca de interlocuci\u00f3n. Marcos L\u00edndez, consejero de Medio Rural y Pol\u00edtica Agraria, se encontraba de viaje en Grandas de [&hellip;]<!-- AddThis Advanced Settings generic via filter on get_the_excerpt --><!-- AddThis Share Buttons generic via filter on get_the_excerpt --><\/p>\n","protected":false},"author":2,"featured_media":0,"comment_status":"open","ping_status":"open","sticky":false,"template":"","format":"standard","meta":[],"categories":[1],"tags":[],"_links":{"self":[{"href":"https:\/\/blogs.elcomercio.es\/largo_de_cafe\/wp-json\/wp\/v2\/posts\/9817"}],"collection":[{"href":"https:\/\/blogs.elcomercio.es\/largo_de_cafe\/wp-json\/wp\/v2\/posts"}],"about":[{"href":"https:\/\/blogs.elcomercio.es\/largo_de_cafe\/wp-json\/wp\/v2\/types\/post"}],"author":[{"embeddable":true,"href":"https:\/\/blogs.elcomercio.es\/largo_de_cafe\/wp-json\/wp\/v2\/users\/2"}],"replies":[{"embeddable":true,"href":"https:\/\/blogs.elcomercio.es\/largo_de_cafe\/wp-json\/wp\/v2\/comments?post=9817"}],"version-history":[{"count":1,"href":"https:\/\/blogs.elcomercio.es\/largo_de_cafe\/wp-json\/wp\/v2\/posts\/9817\/revisions"}],"predecessor-version":[{"id":9818,"href":"https:\/\/blogs.elcomercio.es\/largo_de_cafe\/wp-json\/wp\/v2\/posts\/9817\/revisions\/9818"}],"wp:attachment":[{"href":"https:\/\/blogs.elcomercio.es\/largo_de_cafe\/wp-json\/wp\/v2\/media?parent=9817"}],"wp:term":[{"taxonomy":"category","embeddable":true,"href":"https:\/\/blogs.elcomercio.es\/largo_de_cafe\/wp-json\/wp\/v2\/categories?post=9817"},{"taxonomy":"post_tag","embeddable":true,"href":"https:\/\/blogs.elcomercio.es\/largo_de_cafe\/wp-json\/wp\/v2\/tags?post=9817"}],"curies":[{"name":"wp","href":"https:\/\/api.w.org\/{rel}","templated":true}]}}