{"id":9829,"date":"2024-02-17T22:03:00","date_gmt":"2024-02-17T21:03:00","guid":{"rendered":"https:\/\/blogs.elcomercio.es\/largo_de_cafe\/?p=9829"},"modified":"2024-02-17T22:03:00","modified_gmt":"2024-02-17T21:03:00","slug":"viento-de-la-discordia","status":"publish","type":"post","link":"https:\/\/blogs.elcomercio.es\/largo_de_cafe\/2024\/02\/17\/viento-de-la-discordia\/","title":{"rendered":"VIENTO DE LA DISCORDIA"},"content":{"rendered":"<p>El sentido de la oportunidad del diputado del PP, Manuel Cifuentes, ha servido para sacar a la luz, en la Junta General del Principado, las diferentes sensibilidades que hay en el interior del Gobierno de coalici\u00f3n sobre los planes de extensi\u00f3n de la energ\u00eda e\u00f3lica. Cifuentes pregunt\u00f3, de forma pertinente, al consejero de IU, Ovidio Zapico, y a partir de ah\u00ed se pudo constatar que una cosa es lo que se trasluce de las opiniones del consejero de Ordenaci\u00f3n del Territorio y otra lo que deja entrever Nieves Roque\u00f1\u00ed, consejera de Transici\u00f3n Ecol\u00f3gica, Industria y Desarrollo Econ\u00f3mico, cuando se refiere a los parques e\u00f3licos. Mientras la consejera del PSOE se muestra favorable a explorar nuevos terrenos para producir energ\u00eda, el consejero de IU se niega a incluir espacios que yan sido anteriormente excluidos de la planificaci\u00f3n e\u00f3lica. Roque\u00f1\u00ed quiere revisar la llamada &#8216;zonificaci\u00f3n&#8217;, mientras Zapico apoya la energ\u00eda limpia producida por los aerogeneradores, pero le espanta la sola posibilidad de que haya en Asturias un &#8216;boom e\u00f3lico&#8217;. Como soluci\u00f3n a una mayor demanda de energ\u00eda limpia propone repotenciar los parques e\u00f3licos. Seg\u00fan Zapico, se podr\u00eda multiplicar por cuatro la capacidad de producir energ\u00eda el\u00e9ctrica sustituyendo elementos obsoletos de los parques por otros nuevos.<\/p>\n<p>Para aclararnos, digamos que el escenario nacional es favorable a Roque\u00f1\u00ed, porque en el Plan Nacional Integrado de Energ\u00eda y Clima 2030 se potencian al m\u00e1ximo la energ\u00eda e\u00f3lica y la fotovoltaica. En concreto, en la e\u00f3lica se pasa de los actuales 26.000 o 27.000 megavatios-hora, a 62.000. Y Teresa Ribera no est\u00e1 pensando en dar ese salto con los actuales parques e\u00f3licos. Otra cosa es que el plan no se cumpla. En cualquier caso, Zapico tiene todo el derecho a plantear otro modelo.<\/p>\n<p>Un aspecto novedoso es el papel de los ayuntamientos en la perspectiva de IU. Pueden rechazar proyectos e\u00f3licos (en Taramundi vetaron un proyecto), y deben obtener beneficios econ\u00f3micos de las inversiones y empleo para su concejo. Tendr\u00edamos en la pr\u00e1ctica a tres autoridades pol\u00edticas sobre el parque e\u00f3lico: la consejera de Industria, el consejero de Ordenaci\u00f3n y el alcalde del lugar. Es el resultado final de haber dise\u00f1ado un organigrama de gobierno de competencias compartidas. Sobre todo lo anterior sobrevuela la fama de estar legislando en un sector caliente. En el campo de la energ\u00eda, la Administraci\u00f3n manda mucho, pero los operadores son muy poderosos. Quiz\u00e1s de ah\u00ed provengan las cauciones de IU.<\/p>\n<!-- AddThis Advanced Settings generic via filter on the_content --><!-- AddThis Share Buttons generic via filter on the_content -->","protected":false},"excerpt":{"rendered":"<p>El sentido de la oportunidad del diputado del PP, Manuel Cifuentes, ha servido para sacar a la luz, en la Junta General del Principado, las diferentes sensibilidades que hay en el interior del Gobierno de coalici\u00f3n sobre los planes de extensi\u00f3n de la energ\u00eda e\u00f3lica. Cifuentes pregunt\u00f3, de forma pertinente, al consejero de IU, Ovidio [&hellip;]<!-- AddThis Advanced Settings generic via filter on get_the_excerpt --><!-- AddThis Share Buttons generic via filter on get_the_excerpt --><\/p>\n","protected":false},"author":2,"featured_media":0,"comment_status":"open","ping_status":"open","sticky":false,"template":"","format":"standard","meta":[],"categories":[1],"tags":[],"_links":{"self":[{"href":"https:\/\/blogs.elcomercio.es\/largo_de_cafe\/wp-json\/wp\/v2\/posts\/9829"}],"collection":[{"href":"https:\/\/blogs.elcomercio.es\/largo_de_cafe\/wp-json\/wp\/v2\/posts"}],"about":[{"href":"https:\/\/blogs.elcomercio.es\/largo_de_cafe\/wp-json\/wp\/v2\/types\/post"}],"author":[{"embeddable":true,"href":"https:\/\/blogs.elcomercio.es\/largo_de_cafe\/wp-json\/wp\/v2\/users\/2"}],"replies":[{"embeddable":true,"href":"https:\/\/blogs.elcomercio.es\/largo_de_cafe\/wp-json\/wp\/v2\/comments?post=9829"}],"version-history":[{"count":1,"href":"https:\/\/blogs.elcomercio.es\/largo_de_cafe\/wp-json\/wp\/v2\/posts\/9829\/revisions"}],"predecessor-version":[{"id":9830,"href":"https:\/\/blogs.elcomercio.es\/largo_de_cafe\/wp-json\/wp\/v2\/posts\/9829\/revisions\/9830"}],"wp:attachment":[{"href":"https:\/\/blogs.elcomercio.es\/largo_de_cafe\/wp-json\/wp\/v2\/media?parent=9829"}],"wp:term":[{"taxonomy":"category","embeddable":true,"href":"https:\/\/blogs.elcomercio.es\/largo_de_cafe\/wp-json\/wp\/v2\/categories?post=9829"},{"taxonomy":"post_tag","embeddable":true,"href":"https:\/\/blogs.elcomercio.es\/largo_de_cafe\/wp-json\/wp\/v2\/tags?post=9829"}],"curies":[{"name":"wp","href":"https:\/\/api.w.org\/{rel}","templated":true}]}}