{"id":9850,"date":"2024-02-26T00:13:48","date_gmt":"2024-02-25T23:13:48","guid":{"rendered":"https:\/\/blogs.elcomercio.es\/largo_de_cafe\/?p=9850"},"modified":"2024-02-26T00:13:48","modified_gmt":"2024-02-25T23:13:48","slug":"abusar-de-gijon-y-oviedo","status":"publish","type":"post","link":"https:\/\/blogs.elcomercio.es\/largo_de_cafe\/2024\/02\/26\/abusar-de-gijon-y-oviedo\/","title":{"rendered":"ABUSAR DE GIJ\u00d3N Y OVIEDO"},"content":{"rendered":"<p>Lydia Espina, consejera de Educaci\u00f3n, se reuni\u00f3 con ediles de todos los ayuntamientos. Los convoc\u00f3 para explicarles el proyecto de las escuelas de cero a tres a\u00f1os. El Principado va hacer una red auton\u00f3mica de escuelas del primer ciclo de Educaci\u00f3n Infantil durante la presente legislatura, construyendo 31 escuelas e integrando en la red a 76 escuelas municipales. Al finalizar la tarea habr\u00e1 un total de 107 escuelas, con 365 unidades y 5.333 plazas. Sin duda, una iniciativa importante, la de mayor envergadura de las realizadas por los gobiernos de Adri\u00e1n Barb\u00f3n.<\/p>\n<p>De la reuni\u00f3n no salieron contentos los concejales de Educaci\u00f3n de los ayuntamientos de Gij\u00f3n (Jorge Pa\u00f1eda) y Oviedo (Lourdes Garc\u00eda). Razones ten\u00edan para ello. La consejera explic\u00f3 que los ayuntamientos que pagan sueldos por encima de convenio, como Gij\u00f3n y Oviedo, aunque integren sus escuelas en la red auton\u00f3mica tendr\u00e1n que hacer una transferencia mensual al Principado para compensar la diferencia de costes salariales. Es decir, si todos los educadores de las escuelas municipales cobran 100, y los de Gij\u00f3n y Oviedo reciben 110, el Principado mantendr\u00e1 las cuant\u00edas de las n\u00f3minas, pero los citados consistorios tendr\u00e1n que transferir 10 al Principado. A la consejera le parece normal esa forma de razonar. Es m\u00e1s, Guillermo Pel\u00e1ez, consejero de Hacienda, juzga el sistema muy favorable para los ayuntamientos, ya que \u00abpasar\u00e1n a ahorrarse lo que gastan ahora y a financiar solo lo que pagan por encima de convenio\u00bb. Lo dice convencido.<\/p>\n<p>Vamos a ver, se\u00f1ores. Las competencias de Educaci\u00f3n son auton\u00f3micas. Los ayuntamientos no tienen otra obligaci\u00f3n que ofrecer suelo para las escuelas y cubrir el gasto en agua, electricidad, limpieza, calefacci\u00f3n y vigilancia. No les toca pagar ni un euro de las n\u00f3minas de educadores y profesores. Si hay escuelas municipales es porque el Principado, hasta ahora, no tuvo a bien cubrir esa necesidad. La Constituci\u00f3n no atribuye expresamente al Estado la competencia en Educaci\u00f3n, haci\u00e9ndose cargo de ella las comunidades a trav\u00e9s de los estatutos de autonom\u00eda. Si el Principado integra las escuelas municipales en su red tendr\u00e1 que hacerlo al cien por cien. Lo que trata de imponer a los ayuntamientos, no se lo insinu\u00f3 al Estado cuando transfiri\u00f3 competencias al Principado. Asumi\u00f3 todo tipo de sueldos sin atreverse a decir al ministro de turno que determinadas n\u00f3minas son m\u00e1s altas que la media, as\u00ed que todos los meses me mandas un cheque. Espero que rectifiquen.<\/p>\n<!-- AddThis Advanced Settings generic via filter on the_content --><!-- AddThis Share Buttons generic via filter on the_content -->","protected":false},"excerpt":{"rendered":"<p>Lydia Espina, consejera de Educaci\u00f3n, se reuni\u00f3 con ediles de todos los ayuntamientos. Los convoc\u00f3 para explicarles el proyecto de las escuelas de cero a tres a\u00f1os. El Principado va hacer una red auton\u00f3mica de escuelas del primer ciclo de Educaci\u00f3n Infantil durante la presente legislatura, construyendo 31 escuelas e integrando en la red a [&hellip;]<!-- AddThis Advanced Settings generic via filter on get_the_excerpt --><!-- AddThis Share Buttons generic via filter on get_the_excerpt --><\/p>\n","protected":false},"author":2,"featured_media":0,"comment_status":"open","ping_status":"open","sticky":false,"template":"","format":"standard","meta":[],"categories":[1],"tags":[],"_links":{"self":[{"href":"https:\/\/blogs.elcomercio.es\/largo_de_cafe\/wp-json\/wp\/v2\/posts\/9850"}],"collection":[{"href":"https:\/\/blogs.elcomercio.es\/largo_de_cafe\/wp-json\/wp\/v2\/posts"}],"about":[{"href":"https:\/\/blogs.elcomercio.es\/largo_de_cafe\/wp-json\/wp\/v2\/types\/post"}],"author":[{"embeddable":true,"href":"https:\/\/blogs.elcomercio.es\/largo_de_cafe\/wp-json\/wp\/v2\/users\/2"}],"replies":[{"embeddable":true,"href":"https:\/\/blogs.elcomercio.es\/largo_de_cafe\/wp-json\/wp\/v2\/comments?post=9850"}],"version-history":[{"count":1,"href":"https:\/\/blogs.elcomercio.es\/largo_de_cafe\/wp-json\/wp\/v2\/posts\/9850\/revisions"}],"predecessor-version":[{"id":9851,"href":"https:\/\/blogs.elcomercio.es\/largo_de_cafe\/wp-json\/wp\/v2\/posts\/9850\/revisions\/9851"}],"wp:attachment":[{"href":"https:\/\/blogs.elcomercio.es\/largo_de_cafe\/wp-json\/wp\/v2\/media?parent=9850"}],"wp:term":[{"taxonomy":"category","embeddable":true,"href":"https:\/\/blogs.elcomercio.es\/largo_de_cafe\/wp-json\/wp\/v2\/categories?post=9850"},{"taxonomy":"post_tag","embeddable":true,"href":"https:\/\/blogs.elcomercio.es\/largo_de_cafe\/wp-json\/wp\/v2\/tags?post=9850"}],"curies":[{"name":"wp","href":"https:\/\/api.w.org\/{rel}","templated":true}]}}