{"id":9890,"date":"2024-03-14T21:31:52","date_gmt":"2024-03-14T20:31:52","guid":{"rendered":"https:\/\/blogs.elcomercio.es\/largo_de_cafe\/?p=9890"},"modified":"2024-03-14T21:31:52","modified_gmt":"2024-03-14T20:31:52","slug":"la-broma-de-barbon","status":"publish","type":"post","link":"https:\/\/blogs.elcomercio.es\/largo_de_cafe\/2024\/03\/14\/la-broma-de-barbon\/","title":{"rendered":"LA BROMA DE BARB\u00d3N"},"content":{"rendered":"<p>En la toma de posesi\u00f3n de \u00c1ngela Santianes, como nueva presidenta del Consejo Social de la Universidad de Oviedo, Adri\u00e1n Barb\u00f3n pronunci\u00f3 una frase de &#8216;off the record&#8217; en medio de la ceremonia: \u00abLo viv\u00ed como una jugada t\u00edpica de House of Cards, si me permite la broma el rector\u00bb. Se refer\u00eda a la convocatoria electoral realizada por Ignacio Villaverde en la v\u00edspera. Es sabido que las verdades m\u00e1s inc\u00f3modas se dicen recurriendo al humor. El presidente del Principado se acogi\u00f3 a esa f\u00f3rmula para dar su opini\u00f3n sobre el hecho m\u00e1s relevante para la vida universitaria de los \u00faltimos tiempos, al tener que elegir rector casi un a\u00f1o antes de acabar el mandato. Adri\u00e1n Barb\u00f3n entiende que la decisi\u00f3n del rector parece entresacada de una famosa serie de televisi\u00f3n americana, donde un pol\u00edtico intriga y manipula para ganar m\u00e1s poder. Es decir, le parece una maniobra artera, porque es muy dif\u00edcil que surja un candidato con probabilidades de alcanzar el rectorado por falta de tiempo, de programa y de aliados. Sobre la misma decisi\u00f3n de Villaverde se posicion\u00f3 \u00c1ngela Santianes (presidenta de Du Pont Ib\u00e9rica), de una forma pol\u00edticamente correcta, al entender la decisi\u00f3n por \u00abresponsabilidad pol\u00edtica\u00bb ante los inminentes cambios que habr\u00e1 que introducir en la instituci\u00f3n al aprobar los nuevos estatutos.<\/p>\n<p>El presidente del Principado no se anda con rodeos, equilibrios y excesos de prudencia, le pareci\u00f3 que la decisi\u00f3n de Villaverde es digna de celebraci\u00f3n en un mundo, como el universitario, donde se practica la pol\u00edtica de nadar y guardar la ropa. Adri\u00e1n Barb\u00f3n habla sobre la Universidad sin templar gaitas, como corresponde a un presidente del Principado que ya comprometi\u00f3 1.000 millones para la instituci\u00f3n en los pr\u00f3ximos diez a\u00f1os. Al no ahondar en la cuesti\u00f3n, no sabemos si Adri\u00e1n Barb\u00f3n vio en el gesto audaz de Villaverde un eco lejano de la convocatoria electoral anticipada de Pedro S\u00e1nchez, que sirvi\u00f3 para pasar de la rotunda derrota electoral de los socialistas en los comicios auton\u00f3micos y municipales de mayo a la mayor\u00eda plurinacional que sali\u00f3 de las urnas del 23 de julio.<\/p>\n<p>De los siete rectores por elecci\u00f3n democr\u00e1tica (Vallaure, L\u00f3pez-Arranz, Gasc\u00f3n, Rodr\u00edguez, V\u00e1zquez, Gotor, Granda) que antecedieron a Ignacio Villaverde, no veo a ninguno capaz de tomar una decisi\u00f3n semejante. Puestos a precisar, quiz\u00e1s Juan V\u00e1zquez, pero no tendr\u00eda el mismo efecto la maniobra, porque sus colegas lo habr\u00edan intuido. Sin embargo, hay que reconocer que Villaverde sabe sorprender.<\/p>\n<!-- AddThis Advanced Settings generic via filter on the_content --><!-- AddThis Share Buttons generic via filter on the_content -->","protected":false},"excerpt":{"rendered":"<p>En la toma de posesi\u00f3n de \u00c1ngela Santianes, como nueva presidenta del Consejo Social de la Universidad de Oviedo, Adri\u00e1n Barb\u00f3n pronunci\u00f3 una frase de &#8216;off the record&#8217; en medio de la ceremonia: \u00abLo viv\u00ed como una jugada t\u00edpica de House of Cards, si me permite la broma el rector\u00bb. Se refer\u00eda a la convocatoria [&hellip;]<!-- AddThis Advanced Settings generic via filter on get_the_excerpt --><!-- AddThis Share Buttons generic via filter on get_the_excerpt --><\/p>\n","protected":false},"author":2,"featured_media":0,"comment_status":"open","ping_status":"open","sticky":false,"template":"","format":"standard","meta":[],"categories":[1],"tags":[],"_links":{"self":[{"href":"https:\/\/blogs.elcomercio.es\/largo_de_cafe\/wp-json\/wp\/v2\/posts\/9890"}],"collection":[{"href":"https:\/\/blogs.elcomercio.es\/largo_de_cafe\/wp-json\/wp\/v2\/posts"}],"about":[{"href":"https:\/\/blogs.elcomercio.es\/largo_de_cafe\/wp-json\/wp\/v2\/types\/post"}],"author":[{"embeddable":true,"href":"https:\/\/blogs.elcomercio.es\/largo_de_cafe\/wp-json\/wp\/v2\/users\/2"}],"replies":[{"embeddable":true,"href":"https:\/\/blogs.elcomercio.es\/largo_de_cafe\/wp-json\/wp\/v2\/comments?post=9890"}],"version-history":[{"count":1,"href":"https:\/\/blogs.elcomercio.es\/largo_de_cafe\/wp-json\/wp\/v2\/posts\/9890\/revisions"}],"predecessor-version":[{"id":9891,"href":"https:\/\/blogs.elcomercio.es\/largo_de_cafe\/wp-json\/wp\/v2\/posts\/9890\/revisions\/9891"}],"wp:attachment":[{"href":"https:\/\/blogs.elcomercio.es\/largo_de_cafe\/wp-json\/wp\/v2\/media?parent=9890"}],"wp:term":[{"taxonomy":"category","embeddable":true,"href":"https:\/\/blogs.elcomercio.es\/largo_de_cafe\/wp-json\/wp\/v2\/categories?post=9890"},{"taxonomy":"post_tag","embeddable":true,"href":"https:\/\/blogs.elcomercio.es\/largo_de_cafe\/wp-json\/wp\/v2\/tags?post=9890"}],"curies":[{"name":"wp","href":"https:\/\/api.w.org\/{rel}","templated":true}]}}