{"id":9892,"date":"2024-03-16T23:00:37","date_gmt":"2024-03-16T22:00:37","guid":{"rendered":"https:\/\/blogs.elcomercio.es\/largo_de_cafe\/?p=9892"},"modified":"2024-03-16T23:00:37","modified_gmt":"2024-03-16T22:00:37","slug":"la-medicina-de-bolanos","status":"publish","type":"post","link":"https:\/\/blogs.elcomercio.es\/largo_de_cafe\/2024\/03\/16\/la-medicina-de-bolanos\/","title":{"rendered":"LA MEDICINA DE BOLA\u00d1OS"},"content":{"rendered":"<p>El Consejo de Ministros aprob\u00f3 el proyecto de una ley org\u00e1nica, que seg\u00fan el ministro de Justicia, F\u00e9lix Bola\u00f1os, va a suponer un gran cambio \u00abal pasar de una estructura (judicial) propia del siglo XIX a un justicia del siglo XXI\u00bb. La nueva ley cambiar\u00e1 tanto la justicia espa\u00f1ola que al aplicar su articulado propiciar\u00e1 un salto de dos siglos. Hay que decir algo sobre el contexto. El prop\u00f3sito del Gobierno se explicita en un momento en que el Ejecutivo, por un lado, y jueces y fiscales, por otro, est\u00e1n echando un pulso nunca visto en 47 a\u00f1os de etapa democr\u00e1tica. Si se quiere resumir lo que late detr\u00e1s de las fricciones, no queda otro remedio que reconocer que la separaci\u00f3n de poderes, tal como se entiende en una democracia, est\u00e1 cuestionada por las pr\u00e1cticas del Ejecutivo. Para los que tengas dudas sobre ello, podr\u00e1n comprobarlo al constatar el silencio del presidente y de los ministros cuando los socios independentistas del Gobierno insultan y calumnian a los jueces. Una degradaci\u00f3n institucional muy grave que Pedro S\u00e1nchez consiente.<\/p>\n<p>Por todo lo anterior, hay que observar con mucha cautela todo lo que dice Bola\u00f1os de la nueva ley. Al parecer, b\u00e1sicamente, se trata de una cuesti\u00f3n de reorganizaci\u00f3n de \u00f3rganos y funcionarios. Se van a reducir los 3.800 juzgados unipersonales a 431. La supresi\u00f3n es posible porque se crea un nuevo \u00f3rgano, &#8216;tribunales de instancia&#8217;, que absorber\u00e1n el trabajo de los juzgados unipersonales. A lo mejor la idea es estupenda, pero la manera de argumentarla de Bola\u00f1os no es muy convincente. Veamos.<\/p>\n<p>Sostiene Bola\u00f1os que \u00abde esta forma se equilibrar\u00edan las cargas de trabajo en todos los juzgados\u00bb. En unos territorios (ciudades, villas, pueblos) hay una mayor demanda de los servicios de la Justicia que en otros, as\u00ed que nada garantiza que tengan la misma cantidad de trabajo. Dice que con los 431 tribunales de instancia \u00abse trabajar\u00e1 de una forma m\u00e1s colegiada y m\u00e1s \u00e1gil\u00bb. Que haya varios jueces en las mismas oficinas no es sin\u00f3nimo de gesti\u00f3n \u00e1gil. La afirmaci\u00f3n de Bola\u00f1os es un desider\u00e1tum. Asegura el ministro que con los tribunales de instancia los criterios procesales \u00abser\u00e1n m\u00e1s comunes, evitando diferencias entre un juzgado y otro\u00bb. No hay un solo indicio que permita pensar que la forma de trabajar de los tribunales de instancia ser\u00e1 m\u00e1s homog\u00e9nea que en los juzgados unipersonales. Me llama mucho la atenci\u00f3n que Bola\u00f1os no haya reparado en que es m\u00e1s f\u00e1cil desatascar los juzgados cambiando los procedimientos que creando nuevos \u00f3rganos.<\/p>\n<!-- AddThis Advanced Settings generic via filter on the_content --><!-- AddThis Share Buttons generic via filter on the_content -->","protected":false},"excerpt":{"rendered":"<p>El Consejo de Ministros aprob\u00f3 el proyecto de una ley org\u00e1nica, que seg\u00fan el ministro de Justicia, F\u00e9lix Bola\u00f1os, va a suponer un gran cambio \u00abal pasar de una estructura (judicial) propia del siglo XIX a un justicia del siglo XXI\u00bb. La nueva ley cambiar\u00e1 tanto la justicia espa\u00f1ola que al aplicar su articulado propiciar\u00e1 [&hellip;]<!-- AddThis Advanced Settings generic via filter on get_the_excerpt --><!-- AddThis Share Buttons generic via filter on get_the_excerpt --><\/p>\n","protected":false},"author":2,"featured_media":0,"comment_status":"open","ping_status":"open","sticky":false,"template":"","format":"standard","meta":[],"categories":[1],"tags":[],"_links":{"self":[{"href":"https:\/\/blogs.elcomercio.es\/largo_de_cafe\/wp-json\/wp\/v2\/posts\/9892"}],"collection":[{"href":"https:\/\/blogs.elcomercio.es\/largo_de_cafe\/wp-json\/wp\/v2\/posts"}],"about":[{"href":"https:\/\/blogs.elcomercio.es\/largo_de_cafe\/wp-json\/wp\/v2\/types\/post"}],"author":[{"embeddable":true,"href":"https:\/\/blogs.elcomercio.es\/largo_de_cafe\/wp-json\/wp\/v2\/users\/2"}],"replies":[{"embeddable":true,"href":"https:\/\/blogs.elcomercio.es\/largo_de_cafe\/wp-json\/wp\/v2\/comments?post=9892"}],"version-history":[{"count":1,"href":"https:\/\/blogs.elcomercio.es\/largo_de_cafe\/wp-json\/wp\/v2\/posts\/9892\/revisions"}],"predecessor-version":[{"id":9893,"href":"https:\/\/blogs.elcomercio.es\/largo_de_cafe\/wp-json\/wp\/v2\/posts\/9892\/revisions\/9893"}],"wp:attachment":[{"href":"https:\/\/blogs.elcomercio.es\/largo_de_cafe\/wp-json\/wp\/v2\/media?parent=9892"}],"wp:term":[{"taxonomy":"category","embeddable":true,"href":"https:\/\/blogs.elcomercio.es\/largo_de_cafe\/wp-json\/wp\/v2\/categories?post=9892"},{"taxonomy":"post_tag","embeddable":true,"href":"https:\/\/blogs.elcomercio.es\/largo_de_cafe\/wp-json\/wp\/v2\/tags?post=9892"}],"curies":[{"name":"wp","href":"https:\/\/api.w.org\/{rel}","templated":true}]}}