{"id":9894,"date":"2024-03-16T23:02:25","date_gmt":"2024-03-16T22:02:25","guid":{"rendered":"https:\/\/blogs.elcomercio.es\/largo_de_cafe\/?p=9894"},"modified":"2024-03-16T23:02:25","modified_gmt":"2024-03-16T22:02:25","slug":"inversiones-sin-blindaje","status":"publish","type":"post","link":"https:\/\/blogs.elcomercio.es\/largo_de_cafe\/2024\/03\/16\/inversiones-sin-blindaje\/","title":{"rendered":"INVERSIONES SIN BLINDAJE"},"content":{"rendered":"<p>La decisi\u00f3n de Pedro S\u00e1nchez de abandonar el proyecto de presupuestos para 2024, que estaba negociando con la mir\u00edada de socios parlamentarios, tiene repercusiones en las otras administraciones territoriales (comunidades aut\u00f3nomas y ayuntamientos) receptoras de financiaci\u00f3n del Estado. Desde el Principado se han apresurado a tranquilizar a los ciudadanos diciendo que las inversiones est\u00e1n garantizadas. Los mensajes del portavoz del Gobierno, Guillermo Pel\u00e1ez, y de la vicepresidenta, Gimena Llamedo, han ido en la misma direcci\u00f3n. El portavoz basa su afirmaci\u00f3n en que las inversiones del Gobierno en Asturias tienen car\u00e1cter plurianual, quedando las partidas reservadas. La vicepresidenta, tras sumarse al mensaje de tranquilidad, advirti\u00f3 de que el Principado estudiar\u00e1 las consecuencias de la pr\u00f3rroga presupuestaria y ante cualquier duda defender\u00e1n los intereses de Asturias. En contraste con las afirmaciones de ambos, Andr\u00e9s Ruiz, diputado del PP, asegura que la pr\u00f3rroga es muy da\u00f1ina, poniendo en riesgo los 184 millones que le corresponden a nuestra regi\u00f3n por el aumento de las entregas a cuenta (sistema de financiaci\u00f3n auton\u00f3mica). La preocupaci\u00f3n del PP se extiende a las inversiones, como el vial de Jove, o las bonificaciones destinadas a rebajar el peaje del Huerna.<\/p>\n<p>El tiempo dir\u00e1 hasta qu\u00e9 punto le afecta a Asturias, como al resto de comunidades aut\u00f3nomas, la decisi\u00f3n de Pedro S\u00e1nchez de abandonar la negociaci\u00f3n presupuestaria. Cuando las cuentas se prorrogan no cabe a\u00f1adir recursos externos a las partidas, pero s\u00ed hacer transferencias de unas a otras. Como el presupuesto no crece, habr\u00e1 que reordenar las prioridades. Partamos del hecho de que no hay inversiones blindadas. Guillermo Pel\u00e1ez pon\u00eda como referencia el dinero comprometido en el Plan de Cercan\u00edas 2017-2025. Pues bien, ese plan es el vivo ejemplo de las partidas que no se consumen por decisi\u00f3n voluntaria del Ministerio de Transportes. Con todo lo que hemos vivido en Asturias con las ejecuciones presupuestarias de los distintos gobiernos centrales, del PSOE y del PP, hay que ser muy ingenuo para creer que en un ejercicio con el presupuesto prorrogado vamos a tener la misma financiaci\u00f3n que si se hubieran aprobado unas cuentas con mayores recursos.<\/p>\n<p>Guillermo Pel\u00e1ez relativiz\u00f3 las consecuencias de no contar con presupuestos, porque tendr\u00edan unos \u00abefectos limitados\u00bb. En resumen, que no perdimos nada. Gracias a ello vamos a conocer los efectos ilimitados de la pr\u00f3rroga.<\/p>\n<!-- AddThis Advanced Settings generic via filter on the_content --><!-- AddThis Share Buttons generic via filter on the_content -->","protected":false},"excerpt":{"rendered":"<p>La decisi\u00f3n de Pedro S\u00e1nchez de abandonar el proyecto de presupuestos para 2024, que estaba negociando con la mir\u00edada de socios parlamentarios, tiene repercusiones en las otras administraciones territoriales (comunidades aut\u00f3nomas y ayuntamientos) receptoras de financiaci\u00f3n del Estado. Desde el Principado se han apresurado a tranquilizar a los ciudadanos diciendo que las inversiones est\u00e1n garantizadas. [&hellip;]<!-- AddThis Advanced Settings generic via filter on get_the_excerpt --><!-- AddThis Share Buttons generic via filter on get_the_excerpt --><\/p>\n","protected":false},"author":2,"featured_media":0,"comment_status":"open","ping_status":"open","sticky":false,"template":"","format":"standard","meta":[],"categories":[1],"tags":[],"_links":{"self":[{"href":"https:\/\/blogs.elcomercio.es\/largo_de_cafe\/wp-json\/wp\/v2\/posts\/9894"}],"collection":[{"href":"https:\/\/blogs.elcomercio.es\/largo_de_cafe\/wp-json\/wp\/v2\/posts"}],"about":[{"href":"https:\/\/blogs.elcomercio.es\/largo_de_cafe\/wp-json\/wp\/v2\/types\/post"}],"author":[{"embeddable":true,"href":"https:\/\/blogs.elcomercio.es\/largo_de_cafe\/wp-json\/wp\/v2\/users\/2"}],"replies":[{"embeddable":true,"href":"https:\/\/blogs.elcomercio.es\/largo_de_cafe\/wp-json\/wp\/v2\/comments?post=9894"}],"version-history":[{"count":2,"href":"https:\/\/blogs.elcomercio.es\/largo_de_cafe\/wp-json\/wp\/v2\/posts\/9894\/revisions"}],"predecessor-version":[{"id":9896,"href":"https:\/\/blogs.elcomercio.es\/largo_de_cafe\/wp-json\/wp\/v2\/posts\/9894\/revisions\/9896"}],"wp:attachment":[{"href":"https:\/\/blogs.elcomercio.es\/largo_de_cafe\/wp-json\/wp\/v2\/media?parent=9894"}],"wp:term":[{"taxonomy":"category","embeddable":true,"href":"https:\/\/blogs.elcomercio.es\/largo_de_cafe\/wp-json\/wp\/v2\/categories?post=9894"},{"taxonomy":"post_tag","embeddable":true,"href":"https:\/\/blogs.elcomercio.es\/largo_de_cafe\/wp-json\/wp\/v2\/tags?post=9894"}],"curies":[{"name":"wp","href":"https:\/\/api.w.org\/{rel}","templated":true}]}}