{"id":9899,"date":"2024-03-18T22:18:12","date_gmt":"2024-03-18T21:18:12","guid":{"rendered":"https:\/\/blogs.elcomercio.es\/largo_de_cafe\/?p=9899"},"modified":"2024-03-18T22:18:12","modified_gmt":"2024-03-18T21:18:12","slug":"todo-paralizado","status":"publish","type":"post","link":"https:\/\/blogs.elcomercio.es\/largo_de_cafe\/2024\/03\/18\/todo-paralizado\/","title":{"rendered":"TODO PARALIZADO"},"content":{"rendered":"<p>La XV legislatura espa\u00f1ola es una monta\u00f1a rusa. Est\u00e1 llena de sorpresas y descargas de adrenalina. Desde que Feij\u00f3o dio por finalizado su intento de convertirse en presidente del Gobierno, todo lo que le ocurri\u00f3 a Pedro S\u00e1nchez no estaba en el guion. Hubo un mes de tira y afloja para firmar los acuerdos con los partidos independentistas (ERC y Junts) que pon\u00edan la amnist\u00eda como premisa inexcusable para investirlo de presidente. Luego llegaron los decretos-ley fallidos y la primera propuesta de Ley de Amnist\u00eda rechazada por el Congreso de los Diputados debido a que Junts vot\u00f3 con la oposici\u00f3n del centro-derecha. Unas semanas m\u00e1s tarde se celebraron elecciones en Galicia y el PSOE sac\u00f3 el peor resultado en cuarenta a\u00f1os de etapa auton\u00f3mica.<\/p>\n<p><strong>Borrascas<\/strong><br \/>\nTras cuatro meses de borrascas encadenadas en La Moncloa cre\u00edan que llegar\u00eda la calma firmando una ley de amnist\u00eda sin l\u00edneas rojas, donde quedar\u00edan amnistiados presuntos terroristas, convictos criminales, malversadores probados y todos los que Puigdemont y su abogado, Gonzalo Boye, consideraran procedente. Una ley redactada fuera de Espa\u00f1a e impuesta a Cerd\u00e1n, Bola\u00f1os y compa\u00f1\u00eda con el argumento de que \u00abla firm\u00e1is o vamos a nuevas elecciones\u00bb. Una norma tan espuria que los principales dirigentes de Junts y ERC la presentaron, repetidamente, como un primer paso hacia la celebraci\u00f3n de un refer\u00e9ndum sobre la independencia de Catalu\u00f1a. Hace siete a\u00f1os delinquieron y ahora prometen que volver\u00e1n a delinquir. Ya vemos el valor que tiene la solemne promesa de S\u00e1nchez de &#8216;guardar y hacer guardar la Constituci\u00f3n&#8217;.<\/p>\n<p>S\u00ed, la amnist\u00eda para el Gobierno socialista supon\u00eda el inicio de la vuelta a una legislatura normal. Una operaci\u00f3n que necesitaba ser complementada con la aprobaci\u00f3n de los Presupuestos Generales del Estado de 2024, como prueba de un Gobierno s\u00f3lido, sostenido por una mir\u00edada de grupos minoritarios que tienen en com\u00fan el deseo de orde\u00f1ar al Ministerio de Hacienda y de romper los lazos de solidaridad que hay entre todas las regiones. Unos lazos que nos llevan a sentirnos en casa cuando estamos en Alicante o en Huesca. Benedetti, hablando de la patria, lo expres\u00f3 como nadie: \u00abquiz\u00e1s mi \u00fanica noci\u00f3n de patria sea esta urgencia por decir Nosotros\u00bb.<\/p>\n<p>Los distintos portavoces socialistas daban por hecho el pacto sobre los presupuestos, porque la negociaci\u00f3n \u00abest\u00e1 muy avanzada\u00bb. Los aliados no les iban a fallar, pues \u00abquedan tres a\u00f1os y medio de legislatura\u00bb. Dejaba de llover, por fin sal\u00eda el sol. En esas est\u00e1bamos cuando la devoluci\u00f3n de los presupuestos catalanes forz\u00f3 al presidente de la Generalitat, Pere Aragon\u00e8s (\u00a1c\u00f3mo me cuesta poner esa tilde con el trazo equivocado!), a disolver la C\u00e1mara catalana y convocar elecciones para el 12 de mayo. No necesit\u00f3 Pedro S\u00e1nchez un tiempo de reflexi\u00f3n para asumir la pr\u00f3rroga presupuestaria y encomendar a la ministra de Hacienda que vaya preparando el proyecto de cuentas para 2025.<\/p>\n<p>Qu\u00e9 fuerte est\u00e1 el Gobierno PSOE-Sumar que la convocatoria de elecciones en una regi\u00f3n le impide presentar el proyecto (\u00abmuy avanzado\u00bb) de presupuestos para este a\u00f1o, incumpliendo el mandato constitucional (art. 134.3) de registrar el proyecto de presupuestos en el Congreso de los Diputados.<\/p>\n<p><strong>Elecciones<\/strong><br \/>\nEn este breve resumen dej\u00e9 a un lado el da\u00f1o que causa al Gobierno el &#8216;caso Koldo&#8217;, que es el cabo de una madeja que est\u00e1 por desenredar, con Jos\u00e9 Luis, V\u00edctor, Juan Carlos, Patricia, Joseba, Francisco, Francina, \u00c1ngel V\u00edctor, Delcy, Bego\u00f1a, Juan Jos\u00e9, Ignacio y una larga serie de personajes que tienen en com\u00fan la sensaci\u00f3n de asco que les produce la corrupci\u00f3n. Sufren arcadas cuando les cuentan que alguien trinc\u00f3.<\/p>\n<p>En el pasado ejercicio dec\u00edamos que 2023 era un a\u00f1o electoral (comicios auton\u00f3micos municipales, auton\u00f3micos y generales), pero 2024 no le va a la zaga: elecciones gallegas el 18 de febrero, vascas el 21 de abril, catalanas el 12 de mayo y europeas el 9 de junio.<\/p>\n<p>Primera consecuencia de esta cu\u00e1druple cita con las urnas: la pol\u00edtica espa\u00f1ola seguir\u00e1 paralizada, primero por las largas negociaciones de los socialistas con los independentistas y ahora porque las urnas constituyen la prioridad. Cuando hayan finalizado las consiguientes investiduras y se hayan asimilado los resultados europeos (intuyo una pesada digesti\u00f3n), se podr\u00e1 recuperar la agenda nacional, siempre y cuando el resultado de las urnas catalanas no fuerce a uno de los dos grupos independentistas a tirarse al monte y romper con el Gobierno. No es necesario que les beneficie especialmente la rotura de lazos con el Ejecutivo, basta con que la aritm\u00e9tica parlamentaria les permita imitar a Sans\u00f3n.<\/p>\n<p><strong>Asturias<\/strong><br \/>\nEs muy dif\u00edcil realizar pron\u00f3sticos sobre lo que durar\u00e1 el mandato, pero s\u00ed se puede apostar por el rumbo que va a seguir que no es otro que el marcado en la agenda nacionalista, como corresponde a una mayor\u00eda parlamentaria plurinacional. \u00bfY Asturias?<\/p>\n<p>Por aqu\u00ed no nos damos por enterados. El Principado sigue el argumentario de la Moncloa y la oposici\u00f3n combate a Barb\u00f3n, como si lo m\u00e1s importante fueran las cuitas de la pol\u00edtica regional. Asombra la falta de perspectiva. Est\u00e1n en Suiza hablando de negociar la singularidad fiscal catalana y el refer\u00e9ndum de autodeterminaci\u00f3n y nuestros representantes se quedan con los brazos cruzados como si a estas alturas no supi\u00e9ramos que los acuerdos suizos se traducen al Bolet\u00edn Oficial del Estado, una vez corregidas las erratas.<\/p>\n<!-- AddThis Advanced Settings generic via filter on the_content --><!-- AddThis Share Buttons generic via filter on the_content -->","protected":false},"excerpt":{"rendered":"<p>La XV legislatura espa\u00f1ola es una monta\u00f1a rusa. Est\u00e1 llena de sorpresas y descargas de adrenalina. Desde que Feij\u00f3o dio por finalizado su intento de convertirse en presidente del Gobierno, todo lo que le ocurri\u00f3 a Pedro S\u00e1nchez no estaba en el guion. Hubo un mes de tira y afloja para firmar los acuerdos con [&hellip;]<!-- AddThis Advanced Settings generic via filter on get_the_excerpt --><!-- AddThis Share Buttons generic via filter on get_the_excerpt --><\/p>\n","protected":false},"author":2,"featured_media":0,"comment_status":"open","ping_status":"open","sticky":false,"template":"","format":"standard","meta":[],"categories":[1],"tags":[],"_links":{"self":[{"href":"https:\/\/blogs.elcomercio.es\/largo_de_cafe\/wp-json\/wp\/v2\/posts\/9899"}],"collection":[{"href":"https:\/\/blogs.elcomercio.es\/largo_de_cafe\/wp-json\/wp\/v2\/posts"}],"about":[{"href":"https:\/\/blogs.elcomercio.es\/largo_de_cafe\/wp-json\/wp\/v2\/types\/post"}],"author":[{"embeddable":true,"href":"https:\/\/blogs.elcomercio.es\/largo_de_cafe\/wp-json\/wp\/v2\/users\/2"}],"replies":[{"embeddable":true,"href":"https:\/\/blogs.elcomercio.es\/largo_de_cafe\/wp-json\/wp\/v2\/comments?post=9899"}],"version-history":[{"count":1,"href":"https:\/\/blogs.elcomercio.es\/largo_de_cafe\/wp-json\/wp\/v2\/posts\/9899\/revisions"}],"predecessor-version":[{"id":9900,"href":"https:\/\/blogs.elcomercio.es\/largo_de_cafe\/wp-json\/wp\/v2\/posts\/9899\/revisions\/9900"}],"wp:attachment":[{"href":"https:\/\/blogs.elcomercio.es\/largo_de_cafe\/wp-json\/wp\/v2\/media?parent=9899"}],"wp:term":[{"taxonomy":"category","embeddable":true,"href":"https:\/\/blogs.elcomercio.es\/largo_de_cafe\/wp-json\/wp\/v2\/categories?post=9899"},{"taxonomy":"post_tag","embeddable":true,"href":"https:\/\/blogs.elcomercio.es\/largo_de_cafe\/wp-json\/wp\/v2\/tags?post=9899"}],"curies":[{"name":"wp","href":"https:\/\/api.w.org\/{rel}","templated":true}]}}