{"id":99,"date":"2007-10-06T18:57:20","date_gmt":"2007-10-06T18:57:20","guid":{"rendered":"http:\/\/blogs.elcomercio.es\/largo_de_cafe\/?p=99"},"modified":"2007-10-06T18:57:20","modified_gmt":"2007-10-06T18:57:20","slug":"la-gran-cuestion","status":"publish","type":"post","link":"https:\/\/blogs.elcomercio.es\/largo_de_cafe\/2007\/10\/06\/la-gran-cuestion\/","title":{"rendered":"LA GRAN CUESTI\u00d3N"},"content":{"rendered":"<p>Entre apelaciones al consenso se han reunido los parlamentarios que van a negociar la reforma del Estatuto de Autonom\u00eda. En la ponencia est\u00e1n los l\u00edderes de los tres partidos pol\u00edticos (Javier Fern\u00e1ndez, Ovidio S\u00e1nchez y Jes\u00fas Iglesias), as\u00ed que nadie se ausentar\u00e1 de la sala para recibir \u00f3rdenes por tel\u00e9fono. En la ponencia est\u00e1n todos los que son. Bajo un mismo deseo de acuerdo se adivinan enfoques distintos. El PP exige que el texto sea sometido al veredicto de los ciudadanos, mientras los socialistas ofrecen flexibilidad en sus planteamientos, e IU teme ser marginada por la posible entente entre los dos grandes partidos. Valoraciones diversas que evitan entrar en el fondo del asunto: los objetivos que debe tener la reforma estatutaria asturiana y los contenidos del texto que se pretende elaborar.<br \/>\n     No hay prisa por avanzar el trabajo en ponencia, porque las sesiones de trabajo se suspender\u00e1n con la llegada del invierno, como ocurre con las competiciones de f\u00fatbol en Rusia. La proximidad de las elecciones generales impide acercar las posturas entre los partidos, as\u00ed que los asuntos m\u00e1s pol\u00e9micos quedar\u00e1n \u201caparcados\u201d hasta despu\u00e9s de los comicios. A lo largo del oto\u00f1o, tres cuestiones llenar\u00e1n la agenda institucional del Principado: la negociaci\u00f3n del presupuesto de 2008, la concertaci\u00f3n social y la reforma del Estatuto de Autonom\u00eda. Los dos primeros son los urgentes y el tercero es el importante. Que haya pr\u00f3rroga presupuestaria es un asunto coyuntural, que puede quedar superado con la aprobaci\u00f3n de unas nuevas cuentas regionales un a\u00f1o m\u00e1s tarde. La concertaci\u00f3n social es una liturgia muy asturiana, propia de una regi\u00f3n industrial con gran peso sindical, pero todo lo que se haga por la v\u00eda de la concertaci\u00f3n puede resolverlo el Gobierno regional por su cuenta sin la firma de los agentes sociales. El Estatuto de Autonom\u00eda es otra cosa.<br \/>\n       A la gente no le preocupa el Estatuto, como tampoco despertaban inter\u00e9s los respectivos textos auton\u00f3micos en Catalu\u00f1a o Andaluc\u00eda, pero en la actual pol\u00edtica espa\u00f1ola constituye la pieza fundamental de posicionamiento de cada comunidad aut\u00f3noma ante el Estado. No se trata tanto de aspirar a las mayores cotas de autogobierno, como de defender un modelo de Estado.       <\/p>\n<!-- AddThis Advanced Settings generic via filter on the_content --><!-- AddThis Share Buttons generic via filter on the_content -->","protected":false},"excerpt":{"rendered":"<p>Entre apelaciones al consenso se han reunido los parlamentarios que van a negociar la reforma del Estatuto de Autonom\u00eda. En la ponencia est\u00e1n los l\u00edderes de los tres partidos pol\u00edticos (Javier Fern\u00e1ndez, Ovidio S\u00e1nchez y Jes\u00fas Iglesias), as\u00ed que nadie se ausentar\u00e1 de la sala para recibir \u00f3rdenes por tel\u00e9fono. En la ponencia est\u00e1n todos [&hellip;]<!-- AddThis Advanced Settings generic via filter on get_the_excerpt --><!-- AddThis Share Buttons generic via filter on get_the_excerpt --><\/p>\n","protected":false},"author":2,"featured_media":0,"comment_status":"open","ping_status":"closed","sticky":false,"template":"","format":"standard","meta":[],"categories":[4],"tags":[],"_links":{"self":[{"href":"https:\/\/blogs.elcomercio.es\/largo_de_cafe\/wp-json\/wp\/v2\/posts\/99"}],"collection":[{"href":"https:\/\/blogs.elcomercio.es\/largo_de_cafe\/wp-json\/wp\/v2\/posts"}],"about":[{"href":"https:\/\/blogs.elcomercio.es\/largo_de_cafe\/wp-json\/wp\/v2\/types\/post"}],"author":[{"embeddable":true,"href":"https:\/\/blogs.elcomercio.es\/largo_de_cafe\/wp-json\/wp\/v2\/users\/2"}],"replies":[{"embeddable":true,"href":"https:\/\/blogs.elcomercio.es\/largo_de_cafe\/wp-json\/wp\/v2\/comments?post=99"}],"version-history":[{"count":0,"href":"https:\/\/blogs.elcomercio.es\/largo_de_cafe\/wp-json\/wp\/v2\/posts\/99\/revisions"}],"wp:attachment":[{"href":"https:\/\/blogs.elcomercio.es\/largo_de_cafe\/wp-json\/wp\/v2\/media?parent=99"}],"wp:term":[{"taxonomy":"category","embeddable":true,"href":"https:\/\/blogs.elcomercio.es\/largo_de_cafe\/wp-json\/wp\/v2\/categories?post=99"},{"taxonomy":"post_tag","embeddable":true,"href":"https:\/\/blogs.elcomercio.es\/largo_de_cafe\/wp-json\/wp\/v2\/tags?post=99"}],"curies":[{"name":"wp","href":"https:\/\/api.w.org\/{rel}","templated":true}]}}