{"id":9902,"date":"2024-03-19T22:05:14","date_gmt":"2024-03-19T21:05:14","guid":{"rendered":"https:\/\/blogs.elcomercio.es\/largo_de_cafe\/?p=9902"},"modified":"2024-03-19T22:05:14","modified_gmt":"2024-03-19T21:05:14","slug":"los-que-no-importan","status":"publish","type":"post","link":"https:\/\/blogs.elcomercio.es\/largo_de_cafe\/2024\/03\/19\/los-que-no-importan\/","title":{"rendered":"LOS QUE NO IMPORTAN"},"content":{"rendered":"<p>Las fugas de adolescentes y ni\u00f1os de los Centros de Menores del Principado preocupan a familias, trabajadores del sector y expertos. Estos establecimientos son noticia siempre que surgen sucesos, que van desde el abandono del centro por parte de un menor para andar por el mundo sin m\u00e1s amparo que el que puedan prestarle personas caritativas hasta peleas entre residentes o fricciones con el personal que los cuida. Si no hay actuaciones transgresoras los centros funcionan correctamente. Dicho de otra forma, la sociedad, todos nosotros, nos conformamos con que no haya esc\u00e1ndalos porque los ni\u00f1os y adolescentes abandonados por las familias, o separados de ellas porque eran nocivas, constituyen un agujero negro de nuestro sistema social. Entiendo que el Principado, las personas que trabajan con esos ni\u00f1os y adolescentes y los que estudian la problem\u00e1tica de los menores tutelados pongan especial \u00e9nfasis en los abusos sexuales que a menudo sufren cuando se fugan de la instituci\u00f3n, pero siendo este extremo el m\u00e1s llamativo de su desdichada existencia, no pasa de ser uno m\u00e1s de los distintos itinerarios hostiles por los que se ven abocados a transitar cuando traspasan las puertas de la instituci\u00f3n.<\/p>\n<p>Los j\u00f3venes residentes sufren un doble abandono, el m\u00e1s remoto que les priv\u00f3 de contar con una persona mayor a la que pudieran llamar pap\u00e1 o mam\u00e1, y el que ocurre a diario con la indiferencia social. Como no nos importan, sus problemas tampoco son relevantes y su futuro carece de inter\u00e9s. Si fueran falsas estas afirmaciones, habr\u00eda muchos m\u00e1s recursos humanos y materiales para acompa\u00f1arlos, aunque solo fuera para compensar tanto infortunio.<\/p>\n<p>La problem\u00e1tica de los ni\u00f1os y adolescentes acogidos por instituciones p\u00fablicas carece de visibilidad. Si en una encuesta pidi\u00e9ramos que se eligieran los cien problemas principales que hay en Asturias, seguro que no habr\u00eda un hueco para ellos. Y no me refer\u00ed, todav\u00eda, a lo que pasa a esos j\u00f3venes cuando al cumplir los 18 a\u00f1os tienen que abandonar la instituci\u00f3n y ven c\u00f3mo les abren las puertas al abismo.<\/p>\n<p>Quiz\u00e1s el cambio m\u00e1s grande que haya habido en la naturaleza del hombre en los \u00faltimos cien a\u00f1os es la p\u00e9rdida de calidad del semen. Tanta incapacidad para engendrar apenas tiene incidencia en la suerte de los menores. Hace unos a\u00f1os me contaron unos amigos las peripecias de unos hermanos, de tres o cuatro a\u00f1os, que viv\u00edan en un centro de menores de Oviedo. Los dos peque\u00f1os dorm\u00edan cara a cara, abrazados. Como no lo hacen los enamorados.<\/p>\n<!-- AddThis Advanced Settings generic via filter on the_content --><!-- AddThis Share Buttons generic via filter on the_content -->","protected":false},"excerpt":{"rendered":"<p>Las fugas de adolescentes y ni\u00f1os de los Centros de Menores del Principado preocupan a familias, trabajadores del sector y expertos. Estos establecimientos son noticia siempre que surgen sucesos, que van desde el abandono del centro por parte de un menor para andar por el mundo sin m\u00e1s amparo que el que puedan prestarle personas [&hellip;]<!-- AddThis Advanced Settings generic via filter on get_the_excerpt --><!-- AddThis Share Buttons generic via filter on get_the_excerpt --><\/p>\n","protected":false},"author":2,"featured_media":0,"comment_status":"open","ping_status":"open","sticky":false,"template":"","format":"standard","meta":[],"categories":[1],"tags":[],"_links":{"self":[{"href":"https:\/\/blogs.elcomercio.es\/largo_de_cafe\/wp-json\/wp\/v2\/posts\/9902"}],"collection":[{"href":"https:\/\/blogs.elcomercio.es\/largo_de_cafe\/wp-json\/wp\/v2\/posts"}],"about":[{"href":"https:\/\/blogs.elcomercio.es\/largo_de_cafe\/wp-json\/wp\/v2\/types\/post"}],"author":[{"embeddable":true,"href":"https:\/\/blogs.elcomercio.es\/largo_de_cafe\/wp-json\/wp\/v2\/users\/2"}],"replies":[{"embeddable":true,"href":"https:\/\/blogs.elcomercio.es\/largo_de_cafe\/wp-json\/wp\/v2\/comments?post=9902"}],"version-history":[{"count":1,"href":"https:\/\/blogs.elcomercio.es\/largo_de_cafe\/wp-json\/wp\/v2\/posts\/9902\/revisions"}],"predecessor-version":[{"id":9904,"href":"https:\/\/blogs.elcomercio.es\/largo_de_cafe\/wp-json\/wp\/v2\/posts\/9902\/revisions\/9904"}],"wp:attachment":[{"href":"https:\/\/blogs.elcomercio.es\/largo_de_cafe\/wp-json\/wp\/v2\/media?parent=9902"}],"wp:term":[{"taxonomy":"category","embeddable":true,"href":"https:\/\/blogs.elcomercio.es\/largo_de_cafe\/wp-json\/wp\/v2\/categories?post=9902"},{"taxonomy":"post_tag","embeddable":true,"href":"https:\/\/blogs.elcomercio.es\/largo_de_cafe\/wp-json\/wp\/v2\/tags?post=9902"}],"curies":[{"name":"wp","href":"https:\/\/api.w.org\/{rel}","templated":true}]}}