{"id":9910,"date":"2024-03-24T20:30:46","date_gmt":"2024-03-24T19:30:46","guid":{"rendered":"https:\/\/blogs.elcomercio.es\/largo_de_cafe\/?p=9910"},"modified":"2024-03-24T20:30:46","modified_gmt":"2024-03-24T19:30:46","slug":"burla-a-los-gijoneses","status":"publish","type":"post","link":"https:\/\/blogs.elcomercio.es\/largo_de_cafe\/2024\/03\/24\/burla-a-los-gijoneses\/","title":{"rendered":"BURLA A LOS GIJONESES"},"content":{"rendered":"<p>Cuando cre\u00edamos que hab\u00edamos visto de todo con las infraestructuras en Asturias, llega el equipo de \u00d3scar Puente para dejarnos estupefactos con el anuncio de que el vial de Jove no discurrir\u00e1 por debajo de un t\u00fanel, sino en superficie. Se lo dijo el secretario de Estado de Transporte, Jos\u00e9 Antonio Santano, a Alejandro Calvo y Carmen Moriy\u00f3n. Seg\u00fan Santano, el t\u00fanel pondr\u00eda en riesgo unas viviendas que est\u00e1n en construcci\u00f3n y a un geri\u00e1trico. Por si eso no fuera suficiente, a\u00f1adi\u00f3 que el t\u00fanel es impracticable porque no es apto para mercanc\u00edas peligrosas y los transportes de servicio especial.<\/p>\n<p>El ministro Puente y Santano, su principal colaborador, piensan que un proyecto licitado, listo para adjudicaci\u00f3n, se puede mandar a la papelera y, en su lugar, proponer algo completamente distinto. Dieron luz verde al estudio de impacto ambiental y ahora resulta que el vial atentar\u00eda contra m\u00e1s de 150 viviendas y habr\u00eda que desviar el tr\u00e1fico de no s\u00e9 qu\u00e9 mercanc\u00edas. \u00bfHay alguna raz\u00f3n para creer las afirmaciones de la c\u00fapula del Ministerio de Transportes? Desde 2013 a 2023, de las 1.036 licitaciones hechas por el \u00e1rea de Carreteras del ministerio la m\u00e1s cara fue el vial de Jove, s\u00f3lo superada por el puente de C\u00e1diz. El proyecto del vial, ahora abortado, ten\u00eda un coste de 114,2 millones de euros el kil\u00f3metro. En su d\u00eda, el exministro \u00c1balos hab\u00eda afirmado que s\u00f3lo ser\u00eda asumible con fondos europeos. Puente es m\u00e1s decidido y tira por la calle del medio, sustituye un proyecto de 285,6 millones por otro de 70 millones. Para qu\u00e9 andarse con miramientos si podemos ahorrarnos m\u00e1s de 200 millones, con la cantidad de proyectos que hay pendientes, como el que aparec\u00eda el pasado d\u00eda 15 en el BOE: soterramiento de 7 kil\u00f3metros de las v\u00edas de alta velocidad por Vitoria, con estaci\u00f3n bajo tierra incluida.<\/p>\n<p>Santano despleg\u00f3 la estrategia de moda del Ministerio de Transportes, ya utilizada con el AVE y las cercan\u00edas: las compensaciones. Si el Principado y el Ayuntamiento se pliegan invertir\u00e1 135 millones en Gij\u00f3n: 70 en el vial, 60 en duplicar la calzada de Lloreda-Veri\u00f1a y 4 millones para &#8216;humanizar&#8217; la avenida Pr\u00edncipe de Asturias. Como el vial lo tendr\u00eda que hacer, en cualquier caso, y la cursiler\u00eda no tiene precio (humanizaci\u00f3n), solo compensa con los 60 millones de Lloreda-Veri\u00f1a. Ah, bueno, y con la promesa de reunir al consejo de administraci\u00f3n de Gij\u00f3n al Norte, con vuelta incluida de Santano por el &#8216;solar\u00f3n&#8217;. Qu\u00e9 acierto tuvo la Junta General del Principado al reprobar a Puente unas horas antes de cargarse el vial.<\/p>\n<!-- AddThis Advanced Settings generic via filter on the_content --><!-- AddThis Share Buttons generic via filter on the_content -->","protected":false},"excerpt":{"rendered":"<p>Cuando cre\u00edamos que hab\u00edamos visto de todo con las infraestructuras en Asturias, llega el equipo de \u00d3scar Puente para dejarnos estupefactos con el anuncio de que el vial de Jove no discurrir\u00e1 por debajo de un t\u00fanel, sino en superficie. Se lo dijo el secretario de Estado de Transporte, Jos\u00e9 Antonio Santano, a Alejandro Calvo [&hellip;]<!-- AddThis Advanced Settings generic via filter on get_the_excerpt --><!-- AddThis Share Buttons generic via filter on get_the_excerpt --><\/p>\n","protected":false},"author":2,"featured_media":0,"comment_status":"open","ping_status":"open","sticky":false,"template":"","format":"standard","meta":[],"categories":[1],"tags":[],"_links":{"self":[{"href":"https:\/\/blogs.elcomercio.es\/largo_de_cafe\/wp-json\/wp\/v2\/posts\/9910"}],"collection":[{"href":"https:\/\/blogs.elcomercio.es\/largo_de_cafe\/wp-json\/wp\/v2\/posts"}],"about":[{"href":"https:\/\/blogs.elcomercio.es\/largo_de_cafe\/wp-json\/wp\/v2\/types\/post"}],"author":[{"embeddable":true,"href":"https:\/\/blogs.elcomercio.es\/largo_de_cafe\/wp-json\/wp\/v2\/users\/2"}],"replies":[{"embeddable":true,"href":"https:\/\/blogs.elcomercio.es\/largo_de_cafe\/wp-json\/wp\/v2\/comments?post=9910"}],"version-history":[{"count":1,"href":"https:\/\/blogs.elcomercio.es\/largo_de_cafe\/wp-json\/wp\/v2\/posts\/9910\/revisions"}],"predecessor-version":[{"id":9911,"href":"https:\/\/blogs.elcomercio.es\/largo_de_cafe\/wp-json\/wp\/v2\/posts\/9910\/revisions\/9911"}],"wp:attachment":[{"href":"https:\/\/blogs.elcomercio.es\/largo_de_cafe\/wp-json\/wp\/v2\/media?parent=9910"}],"wp:term":[{"taxonomy":"category","embeddable":true,"href":"https:\/\/blogs.elcomercio.es\/largo_de_cafe\/wp-json\/wp\/v2\/categories?post=9910"},{"taxonomy":"post_tag","embeddable":true,"href":"https:\/\/blogs.elcomercio.es\/largo_de_cafe\/wp-json\/wp\/v2\/tags?post=9910"}],"curies":[{"name":"wp","href":"https:\/\/api.w.org\/{rel}","templated":true}]}}