{"id":9942,"date":"2024-04-05T21:45:45","date_gmt":"2024-04-05T19:45:45","guid":{"rendered":"https:\/\/blogs.elcomercio.es\/largo_de_cafe\/?p=9942"},"modified":"2024-04-05T21:45:45","modified_gmt":"2024-04-05T19:45:45","slug":"la-competencia-de-los-padres","status":"publish","type":"post","link":"https:\/\/blogs.elcomercio.es\/largo_de_cafe\/2024\/04\/05\/la-competencia-de-los-padres\/","title":{"rendered":"LA COMPETENCIA DE LOS PADRES"},"content":{"rendered":"<p>En una comparecencia parlamentaria sobre la fuga de adolescentes de los centros de menores, la consejera de Derechos Sociales, Marta del Arco, afirm\u00f3 que se trataba de conductas t\u00edpicas en menores con \u00abpadres que no son competentes\u00bb. Un comportamiento reiterado es muy probable que sea t\u00edpico, como dice la consejera, pero achacar la respuesta de los adolescentes a la incompetencia de los padres es, por un lado, muy c\u00f3modo porque la instituci\u00f3n tutelante queda exenta de responsabilidad, y, por otro, excesivamente gen\u00e9rico. \u00bfC\u00f3mo se hace la divisoria entre padres competentes e incompetentes? \u00bfSon todos los adolescentes igual de receptivos ante los mensajes de los padres, de tal forma que podamos cargar sobre ellos toda la responsabilidad de las conductas de sus hijos? Es evidente que no. Para concretar cu\u00e1ndo un padre o una madre son incompetentes, la consejera tira de uno de los mantras m\u00e1s utilizado por todo tipo de educadores: \u00abno han sido capaces de establecer l\u00edmites\u00bb. Es cierto, a un chaval hay que ense\u00f1arle las reglas que hay que respetar, como los horarios de la familia, pero la cuesti\u00f3n de los l\u00edmites se desdibuja cuando nos encontramos con un menor que tiene por norma infringir todas las normas. Ah\u00ed se acaban los dictados del manual de educaci\u00f3n para padres, que no deja de ser un manual de subsistencia ante cuadros familiares invivibles. Borrados los l\u00edmites, se vuelve al recurso m\u00e1s antiguo del mundo que es el castigo, que en la relaci\u00f3n entre padres e hijos tiene muchas veces efectos indeseables, como la p\u00e9rdida de autoestima de los menores o ser el germen de personalidades inseguras.<\/p>\n<p>La consejera, como suele ocurrir en estos casos, no quiso mojarse y dijo que no responsabiliza a las familias de \u00abfalta de amor o cari\u00f1o, sino de falta de competencias\u00bb. Seamos sinceros: claro que hay padres y madres que no dieron suficiente afecto a sus hijos. En una comunidad aut\u00f3noma peque\u00f1a, como Asturias, seguro que hay miles de casos. Es m\u00e1s, en los centros de menores hay muchos j\u00f3venes residiendo que fueron alejados de las familias por la Administraci\u00f3n, al ver el grado de desatenci\u00f3n y maltrato que sufr\u00edan.<\/p>\n<p>Para que la fuga no sea una soluci\u00f3n para los adolescentes es preciso que los centros de menores sean m\u00e1s amigables para ellos y puedan entrever un futuro mejor el d\u00eda que abandonen la instituci\u00f3n. Para eso hacen falta m\u00e1s recursos que no estamos dispuestos a financiar porque los menores tutelados por el Principado no son una prioridad para los pol\u00edticos y la sociedad.<\/p>\n<!-- AddThis Advanced Settings generic via filter on the_content --><!-- AddThis Share Buttons generic via filter on the_content -->","protected":false},"excerpt":{"rendered":"<p>En una comparecencia parlamentaria sobre la fuga de adolescentes de los centros de menores, la consejera de Derechos Sociales, Marta del Arco, afirm\u00f3 que se trataba de conductas t\u00edpicas en menores con \u00abpadres que no son competentes\u00bb. Un comportamiento reiterado es muy probable que sea t\u00edpico, como dice la consejera, pero achacar la respuesta de [&hellip;]<!-- AddThis Advanced Settings generic via filter on get_the_excerpt --><!-- AddThis Share Buttons generic via filter on get_the_excerpt --><\/p>\n","protected":false},"author":2,"featured_media":0,"comment_status":"open","ping_status":"open","sticky":false,"template":"","format":"standard","meta":[],"categories":[1],"tags":[],"_links":{"self":[{"href":"https:\/\/blogs.elcomercio.es\/largo_de_cafe\/wp-json\/wp\/v2\/posts\/9942"}],"collection":[{"href":"https:\/\/blogs.elcomercio.es\/largo_de_cafe\/wp-json\/wp\/v2\/posts"}],"about":[{"href":"https:\/\/blogs.elcomercio.es\/largo_de_cafe\/wp-json\/wp\/v2\/types\/post"}],"author":[{"embeddable":true,"href":"https:\/\/blogs.elcomercio.es\/largo_de_cafe\/wp-json\/wp\/v2\/users\/2"}],"replies":[{"embeddable":true,"href":"https:\/\/blogs.elcomercio.es\/largo_de_cafe\/wp-json\/wp\/v2\/comments?post=9942"}],"version-history":[{"count":1,"href":"https:\/\/blogs.elcomercio.es\/largo_de_cafe\/wp-json\/wp\/v2\/posts\/9942\/revisions"}],"predecessor-version":[{"id":9943,"href":"https:\/\/blogs.elcomercio.es\/largo_de_cafe\/wp-json\/wp\/v2\/posts\/9942\/revisions\/9943"}],"wp:attachment":[{"href":"https:\/\/blogs.elcomercio.es\/largo_de_cafe\/wp-json\/wp\/v2\/media?parent=9942"}],"wp:term":[{"taxonomy":"category","embeddable":true,"href":"https:\/\/blogs.elcomercio.es\/largo_de_cafe\/wp-json\/wp\/v2\/categories?post=9942"},{"taxonomy":"post_tag","embeddable":true,"href":"https:\/\/blogs.elcomercio.es\/largo_de_cafe\/wp-json\/wp\/v2\/tags?post=9942"}],"curies":[{"name":"wp","href":"https:\/\/api.w.org\/{rel}","templated":true}]}}