{"id":9952,"date":"2024-04-10T22:08:26","date_gmt":"2024-04-10T20:08:26","guid":{"rendered":"https:\/\/blogs.elcomercio.es\/largo_de_cafe\/?p=9952"},"modified":"2024-04-10T22:08:26","modified_gmt":"2024-04-10T20:08:26","slug":"el-test-de-la-zalia","status":"publish","type":"post","link":"https:\/\/blogs.elcomercio.es\/largo_de_cafe\/2024\/04\/10\/el-test-de-la-zalia\/","title":{"rendered":"EL TEST DE LA ZALIA"},"content":{"rendered":"<p>La Zona de Actividades Log\u00edsticas e Industriales de Asturias (ZALIA) se ha refundado al reestructurar su accionariado, absorbiendo el Principado casi toda la participaci\u00f3n que tienen en ella las dos autoridades portuarias (Gij\u00f3n y Avil\u00e9s) y el Ayuntamiento de Avil\u00e9s. Hace muchos a\u00f1os que los puertos del Estado y el consistorio avilesino quer\u00edan reducir su participaci\u00f3n para no verse obligados a soportar la carga de una sociedad ruinosa hasta ahora, por carecer de ingresos de explotaci\u00f3n, que funcion\u00f3 a base de cr\u00e9ditos para hacer frente a los gastos corrientes.<\/p>\n<p>Desde el Principado, el mayor accionista (86,7% del capital), se realizaron declaraciones optimistas para acompa\u00f1ar el acto refundacional, haciendo saber que se pondr\u00e1n en marcha, ya, los procedimientos administrativos para licitar inversiones, renovar la valoraci\u00f3n de las parcelas y acometer la promoci\u00f3n de las mismas para comercializarlas antes del verano. Todo esto estaba previsto antes de acabar la anterior legislatura, pero la operaci\u00f3n se completaba con la entrada de Sepides (empresa p\u00fablica de desarrollo empresarial que forma parte de la Sociedad Estatal de Participaciones Industriales) en el accionariado de la ZALIA. Es m\u00e1s, toda la operaci\u00f3n de la refundaci\u00f3n, centrada en quitar la deuda de 115 millones de euros de la ZALIA, estaba pensada para incluir a Sepides en el accionariado. Tan hablado estaba el asunto, que Sepides ten\u00eda un proyecto para financiar las \u00faltimas obras y costear la comercializaci\u00f3n de las parcelas. El principal cometido que asum\u00eda era la construcci\u00f3n de la subestaci\u00f3n el\u00e9ctrica, cifrada en 15 millones de euros (en el primer mandato de Javier Fern\u00e1ndez, la subestaci\u00f3n costaba 10 millones). En resumen, hubo cambios en el accionariado, todo el dinero puesto por el Principado en la ZALIA, desde 2014, 79,5 millones, se convirti\u00f3 en acciones y borrados los n\u00fameros rojos cunde el optimismo, aunque sigue sin haber subestaci\u00f3n el\u00e9ctrica y Sepides quede fuera del accionariado.<\/p>\n<p>Por muchos intentos que haya de vender parcelas, ning\u00fan empresario invertir\u00e1 un euro si no cuenta con energ\u00eda el\u00e9ctrica. Sin electricidad, retrocedemos a la Edad Media. A falta de Sepides, el plan del Principado es incluir la subestaci\u00f3n dentro de las actuaciones prioritarias de Red El\u00e9ctrica Espa\u00f1ola (REE), con la idea de contar con energ\u00eda a principios de 2027. Otros tres a\u00f1os sin luz. No hay mejor test sobre la capacidad de gesti\u00f3n de los gobiernos asturianos que la subestaci\u00f3n de la ZALIA.<\/p>\n<!-- AddThis Advanced Settings generic via filter on the_content --><!-- AddThis Share Buttons generic via filter on the_content -->","protected":false},"excerpt":{"rendered":"<p>La Zona de Actividades Log\u00edsticas e Industriales de Asturias (ZALIA) se ha refundado al reestructurar su accionariado, absorbiendo el Principado casi toda la participaci\u00f3n que tienen en ella las dos autoridades portuarias (Gij\u00f3n y Avil\u00e9s) y el Ayuntamiento de Avil\u00e9s. Hace muchos a\u00f1os que los puertos del Estado y el consistorio avilesino quer\u00edan reducir su [&hellip;]<!-- AddThis Advanced Settings generic via filter on get_the_excerpt --><!-- AddThis Share Buttons generic via filter on get_the_excerpt --><\/p>\n","protected":false},"author":2,"featured_media":0,"comment_status":"open","ping_status":"open","sticky":false,"template":"","format":"standard","meta":[],"categories":[1],"tags":[],"_links":{"self":[{"href":"https:\/\/blogs.elcomercio.es\/largo_de_cafe\/wp-json\/wp\/v2\/posts\/9952"}],"collection":[{"href":"https:\/\/blogs.elcomercio.es\/largo_de_cafe\/wp-json\/wp\/v2\/posts"}],"about":[{"href":"https:\/\/blogs.elcomercio.es\/largo_de_cafe\/wp-json\/wp\/v2\/types\/post"}],"author":[{"embeddable":true,"href":"https:\/\/blogs.elcomercio.es\/largo_de_cafe\/wp-json\/wp\/v2\/users\/2"}],"replies":[{"embeddable":true,"href":"https:\/\/blogs.elcomercio.es\/largo_de_cafe\/wp-json\/wp\/v2\/comments?post=9952"}],"version-history":[{"count":1,"href":"https:\/\/blogs.elcomercio.es\/largo_de_cafe\/wp-json\/wp\/v2\/posts\/9952\/revisions"}],"predecessor-version":[{"id":9953,"href":"https:\/\/blogs.elcomercio.es\/largo_de_cafe\/wp-json\/wp\/v2\/posts\/9952\/revisions\/9953"}],"wp:attachment":[{"href":"https:\/\/blogs.elcomercio.es\/largo_de_cafe\/wp-json\/wp\/v2\/media?parent=9952"}],"wp:term":[{"taxonomy":"category","embeddable":true,"href":"https:\/\/blogs.elcomercio.es\/largo_de_cafe\/wp-json\/wp\/v2\/categories?post=9952"},{"taxonomy":"post_tag","embeddable":true,"href":"https:\/\/blogs.elcomercio.es\/largo_de_cafe\/wp-json\/wp\/v2\/tags?post=9952"}],"curies":[{"name":"wp","href":"https:\/\/api.w.org\/{rel}","templated":true}]}}