{"id":9967,"date":"2024-04-16T21:54:33","date_gmt":"2024-04-16T19:54:33","guid":{"rendered":"https:\/\/blogs.elcomercio.es\/largo_de_cafe\/?p=9967"},"modified":"2024-04-16T21:54:33","modified_gmt":"2024-04-16T19:54:33","slug":"codigo-gestual","status":"publish","type":"post","link":"https:\/\/blogs.elcomercio.es\/largo_de_cafe\/2024\/04\/16\/codigo-gestual\/","title":{"rendered":"C\u00d3DIGO GESTUAL"},"content":{"rendered":"<p>Visita del presidente del Gobierno al HUCA para anunciar el incremento de la cartera de enfermedades controladas por cribado neonatal. En la actualidad el control es sobre siete enfermedades y en las pr\u00f3ximas semanas se extender\u00e1 a once. El presidente espera en el primer trimestre de 2025 duplicar esa cantidad. Pedro S\u00e1nchez habl\u00f3 sobre sanidad y salud, siempre en el terreno de las generalidades, y se mostr\u00f3 autocr\u00edtico al reconocer que en algunas comunidades aut\u00f3nomas s\u00f3lo se controlan las siete enfermedades incluidas en la cartera com\u00fan, mientras que en otras se llega a realizar m\u00e1s de treinta pruebas. Calific\u00f3 de problema esas diferencias territoriales y se comprometi\u00f3 a corregirlas.<\/p>\n<p>En c\u00edrculos pol\u00edticos y sanitarios se especulaba con que el presidente del Gobierno aprovechar\u00eda la visita oficial para anunciar que Asturias ser\u00e1 la sede de la Agencia Estatal de Salud P\u00fablica. No fue as\u00ed. Pedro S\u00e1nchez dijo que hab\u00eda hablado de ello con Adri\u00e1n Barb\u00f3n y puso punto final a la cuesti\u00f3n recordando que \u00absomos un Gobierno que apuesta por la descentralizaci\u00f3n, que es como se hace patria\u00bb. Yo desconoc\u00eda que los pa\u00edses descentralizados fueran m\u00e1s patriotas que los centralizados. La historia permite contemplar c\u00f3mo un mismo pa\u00eds fue en unas etapas unitario y en otras federal, sin que el gen del patriotismo haya mutado. Deber\u00eda ser m\u00e1s prudente el presidente, porque en su misma intervenci\u00f3n en el HUCA puso un ejemplo di\u00e1fano de las consecuencias nocivas que comporta nuestro sistema de descentralizaci\u00f3n \u2013el Estado Auton\u00f3mico\u2013, tan mal gestionada por los gobiernos que aparecen diferencias escandalosas en asuntos fundamentales como las enfermedades controladas por cribado neonatal.<\/p>\n<p>Ni la m\u00e1s leve referencia al choque entre el Ministerio de Transportes y el Principado. Ni siquiera dijo la t\u00edpica frase para observadores atentos, &#8216;todos los problemas se resuelven con di\u00e1logo constructivo&#8217;, que vale tanto para la guerra de Ucrania como para el vial de Jove. A falta de una menci\u00f3n directa, indirecta o metaf\u00f3rica, nos queda aventurarnos por la resbaladiza v\u00eda de analizar el c\u00f3digo gestual de los presidentes, S\u00e1nchez y Barb\u00f3n. Con el auxilio de lupa, me arriesgo a afirmar que mostraron menos cercan\u00eda que en anteriores ocasiones. Me parece un acierto que Barb\u00f3n haya estado m\u00e1s serio, porque mientras sigan actuando en el Ministerio de Transportes de una forma tan fullera no hay motivo para la alegr\u00eda. Una cosa son los retrasos y otra las manipulaciones.<\/p>\n<!-- AddThis Advanced Settings generic via filter on the_content --><!-- AddThis Share Buttons generic via filter on the_content -->","protected":false},"excerpt":{"rendered":"<p>Visita del presidente del Gobierno al HUCA para anunciar el incremento de la cartera de enfermedades controladas por cribado neonatal. En la actualidad el control es sobre siete enfermedades y en las pr\u00f3ximas semanas se extender\u00e1 a once. El presidente espera en el primer trimestre de 2025 duplicar esa cantidad. Pedro S\u00e1nchez habl\u00f3 sobre sanidad [&hellip;]<!-- AddThis Advanced Settings generic via filter on get_the_excerpt --><!-- AddThis Share Buttons generic via filter on get_the_excerpt --><\/p>\n","protected":false},"author":2,"featured_media":0,"comment_status":"open","ping_status":"open","sticky":false,"template":"","format":"standard","meta":[],"categories":[1],"tags":[],"_links":{"self":[{"href":"https:\/\/blogs.elcomercio.es\/largo_de_cafe\/wp-json\/wp\/v2\/posts\/9967"}],"collection":[{"href":"https:\/\/blogs.elcomercio.es\/largo_de_cafe\/wp-json\/wp\/v2\/posts"}],"about":[{"href":"https:\/\/blogs.elcomercio.es\/largo_de_cafe\/wp-json\/wp\/v2\/types\/post"}],"author":[{"embeddable":true,"href":"https:\/\/blogs.elcomercio.es\/largo_de_cafe\/wp-json\/wp\/v2\/users\/2"}],"replies":[{"embeddable":true,"href":"https:\/\/blogs.elcomercio.es\/largo_de_cafe\/wp-json\/wp\/v2\/comments?post=9967"}],"version-history":[{"count":1,"href":"https:\/\/blogs.elcomercio.es\/largo_de_cafe\/wp-json\/wp\/v2\/posts\/9967\/revisions"}],"predecessor-version":[{"id":9968,"href":"https:\/\/blogs.elcomercio.es\/largo_de_cafe\/wp-json\/wp\/v2\/posts\/9967\/revisions\/9968"}],"wp:attachment":[{"href":"https:\/\/blogs.elcomercio.es\/largo_de_cafe\/wp-json\/wp\/v2\/media?parent=9967"}],"wp:term":[{"taxonomy":"category","embeddable":true,"href":"https:\/\/blogs.elcomercio.es\/largo_de_cafe\/wp-json\/wp\/v2\/categories?post=9967"},{"taxonomy":"post_tag","embeddable":true,"href":"https:\/\/blogs.elcomercio.es\/largo_de_cafe\/wp-json\/wp\/v2\/tags?post=9967"}],"curies":[{"name":"wp","href":"https:\/\/api.w.org\/{rel}","templated":true}]}}