{"id":9969,"date":"2024-04-18T00:36:25","date_gmt":"2024-04-17T22:36:25","guid":{"rendered":"https:\/\/blogs.elcomercio.es\/largo_de_cafe\/?p=9969"},"modified":"2024-04-18T00:37:02","modified_gmt":"2024-04-17T22:37:02","slug":"cuestion-opinable","status":"publish","type":"post","link":"https:\/\/blogs.elcomercio.es\/largo_de_cafe\/2024\/04\/18\/cuestion-opinable\/","title":{"rendered":"CUESTI\u00d3N OPINABLE"},"content":{"rendered":"<p>Los partidos de la oposici\u00f3n critican con dureza la intervenci\u00f3n de Pedro S\u00e1nchez en la visita que realiz\u00f3 a Asturias. Le afean su falta de referencia a los problemas asturianos. Es una cuesti\u00f3n opinable. El presidente est\u00e1 realizando una gira por las distintas comunidades aut\u00f3nomas, con la mirada puesta en los procesos electorales. En el caso de Asturias, como en la gran mayor\u00eda de regiones, las elecciones que le ata\u00f1en son las europeas, donde los socialistas tienen una dif\u00edcil papeleta. Desde que empez\u00f3 S\u00e1nchez a buscar aliados para la sesi\u00f3n de investidura, hasta el presente, han sido seis meses de enorme desgaste. Casi todo lo que planearon en la Moncloa conllev\u00f3 un coste pol\u00edtico elevado. Lo \u00faltimo es la gira europea para ganar voluntades en favor del reconocimiento del Estado palestino, unos d\u00edas antes del ataque de Ir\u00e1n a Israel. El jueves, ech\u00e1ndole valor, el ministro Albares va a defender en el Consejo de Seguridad de la ONU la entrada de Palestina como miembro de la organizaci\u00f3n.<\/p>\n<p>Si el objetivo de sus intervenciones son los comicios europeos, es normal que lance mensajes en clave nacional. En cualquier pa\u00eds se ve normal que el presidente del gobierno act\u00fae as\u00ed, pero aqu\u00ed sobrevuela sobre nuestras cabezas el discurso filonacionalista y por eso creemos que lo acertado es analizar la pol\u00edtica, exclusivamente, en clave local o regional.<\/p>\n<p>En el supuesto de asumir la tesis de que tocaba, inexorablemente, hablar de cuestiones espec\u00edficas de Asturias, habr\u00e1 que distinguir cu\u00e1les era oportuno abordar y cu\u00e1les no en un viaje de caracter\u00edsticas nacionales. La crisis de la industria, con el cierre en Avil\u00e9s de la planta de Sekurit de Saint Gobain y la paralizaci\u00f3n o abandono del plan de descarbonizaci\u00f3n de Arcelor, s\u00ed los podr\u00eda tratar S\u00e1nchez, porque son empresas de dimensi\u00f3n o trascendencia nacional. Sin embargo, hay actuaciones que nos importan mucho a nosotros, pero no tienen dimensi\u00f3n nacional ni es probable que el presidente las conozca con detalle. Ser\u00eda muy satisfactorio que se comprometiera en su soluci\u00f3n el ministro de turno, pienso en el vial de Jove y \u00d3scar Puente. Insisto en que es opinable lo que debe abordar o evitar un presidente en una regi\u00f3n concreta, pero las cr\u00edticas de la oposici\u00f3n tienen un componente aprior\u00edstico: diga o silencie, el caso es cargar contra el visitante. Llegar a decir que el verdadero sentido de la visita era sacarle tarjeta amarilla a Barb\u00f3n no deja de ser una &#8217;boutade&#8217;. Por un m\u00ednimo de sentido jer\u00e1rquico lo citar\u00eda en la Moncloa o en Ferraz. Seguimos elevando el nivel.<\/p>\n<!-- AddThis Advanced Settings generic via filter on the_content --><!-- AddThis Share Buttons generic via filter on the_content -->","protected":false},"excerpt":{"rendered":"<p>Los partidos de la oposici\u00f3n critican con dureza la intervenci\u00f3n de Pedro S\u00e1nchez en la visita que realiz\u00f3 a Asturias. Le afean su falta de referencia a los problemas asturianos. Es una cuesti\u00f3n opinable. El presidente est\u00e1 realizando una gira por las distintas comunidades aut\u00f3nomas, con la mirada puesta en los procesos electorales. En el [&hellip;]<!-- AddThis Advanced Settings generic via filter on get_the_excerpt --><!-- AddThis Share Buttons generic via filter on get_the_excerpt --><\/p>\n","protected":false},"author":2,"featured_media":0,"comment_status":"open","ping_status":"open","sticky":false,"template":"","format":"standard","meta":[],"categories":[1],"tags":[],"_links":{"self":[{"href":"https:\/\/blogs.elcomercio.es\/largo_de_cafe\/wp-json\/wp\/v2\/posts\/9969"}],"collection":[{"href":"https:\/\/blogs.elcomercio.es\/largo_de_cafe\/wp-json\/wp\/v2\/posts"}],"about":[{"href":"https:\/\/blogs.elcomercio.es\/largo_de_cafe\/wp-json\/wp\/v2\/types\/post"}],"author":[{"embeddable":true,"href":"https:\/\/blogs.elcomercio.es\/largo_de_cafe\/wp-json\/wp\/v2\/users\/2"}],"replies":[{"embeddable":true,"href":"https:\/\/blogs.elcomercio.es\/largo_de_cafe\/wp-json\/wp\/v2\/comments?post=9969"}],"version-history":[{"count":2,"href":"https:\/\/blogs.elcomercio.es\/largo_de_cafe\/wp-json\/wp\/v2\/posts\/9969\/revisions"}],"predecessor-version":[{"id":9971,"href":"https:\/\/blogs.elcomercio.es\/largo_de_cafe\/wp-json\/wp\/v2\/posts\/9969\/revisions\/9971"}],"wp:attachment":[{"href":"https:\/\/blogs.elcomercio.es\/largo_de_cafe\/wp-json\/wp\/v2\/media?parent=9969"}],"wp:term":[{"taxonomy":"category","embeddable":true,"href":"https:\/\/blogs.elcomercio.es\/largo_de_cafe\/wp-json\/wp\/v2\/categories?post=9969"},{"taxonomy":"post_tag","embeddable":true,"href":"https:\/\/blogs.elcomercio.es\/largo_de_cafe\/wp-json\/wp\/v2\/tags?post=9969"}],"curies":[{"name":"wp","href":"https:\/\/api.w.org\/{rel}","templated":true}]}}