{"id":9972,"date":"2024-04-18T21:53:10","date_gmt":"2024-04-18T19:53:10","guid":{"rendered":"https:\/\/blogs.elcomercio.es\/largo_de_cafe\/?p=9972"},"modified":"2024-04-18T21:53:10","modified_gmt":"2024-04-18T19:53:10","slug":"pasividad-de-la-oposicion","status":"publish","type":"post","link":"https:\/\/blogs.elcomercio.es\/largo_de_cafe\/2024\/04\/18\/pasividad-de-la-oposicion\/","title":{"rendered":"PASIVIDAD DE LA OPOSICI\u00d3N"},"content":{"rendered":"<p>Seguimos con el goteo de noticias sobre las infraestructuras que construye o gestiona el Gobierno de Espa\u00f1a en Asturias. Los trenes Avril, que ahora denominan de \u00abmuy alta velocidad\u00bb, porque la alta velocidad est\u00e1 devaluada en Asturias, s\u00f3lo acortar\u00e1n en doce minutos el viaje de Gij\u00f3n a Madrid. Tambi\u00e9n se informa de que el convoy m\u00e1s madrugador de la l\u00ednea llegar\u00e1 a Madrid a las 9.38, m\u00e1s tarde de lo que hab\u00eda solicitado la Federaci\u00f3n Asturiana de Empresarios (Fade) para los viajes de trabajo.<\/p>\n<p>El debate pol\u00edtico asturiano est\u00e1 atado al guion de las infraestructuras, por eso en la Junta General del Principado todas las preguntas de la oposici\u00f3n al presidente giraron sobre ese tema, siendo el vial de Jove la estrella de la sesi\u00f3n. Me parece normal y esperado que en el Parlamento se siga discutiendo sobre el vial. Lo que me extra\u00f1a, extraordinariamente, es que la gran preocupaci\u00f3n de la oposici\u00f3n sea el momento en que el presidente del Principado supo que el proyecto del vial no se pod\u00eda ejecutar por sus tremendos errores. El 24 de marzo dec\u00edamos, desde estas l\u00edneas, que \u00aben un partido de gobierno, como es el PSOE, ese tipo de informaci\u00f3n a determinado nivel se comparte, no la recibes en una reuni\u00f3n delante de dirigentes de otros partidos\u00bb. En todo el mundo, cuando se hace pol\u00edtica seria se comparte esa informaci\u00f3n entre gobernantes. S\u00f3lo se puede defender lo contrario desde la mentira o la ignorancia. Asombra que en un momento donde hace falta definir una estrategia acertada, la oposici\u00f3n se dedique a especular como en una tertulia de caf\u00e9. Adri\u00e1n Pumares, muy interesado en el vial de Jove, como corresponde al dirigente de un partido que reciba la mayor\u00eda de los votos en Gij\u00f3n, dijo que \u00abnadie se cree que el consejero de Fomento no llamara al ministro para ver c\u00f3mo iba el proyecto del vial\u00bb y, posteriormente, a\u00f1adi\u00f3 que \u00abde nada sirven los enga\u00f1os haci\u00e9ndose los enfadaducos y poniendo pucheros\u00bb. Qu\u00e9 reflexi\u00f3n m\u00e1s honda. Me llama la atenci\u00f3n la estrategia de Foro: con una mano Carmen Moriy\u00f3n pide el apoyo del presidente del Principado para todo y, con la otra, Adri\u00e1n Pumares critica duramente al presidente.<\/p>\n<p>Tras la sesi\u00f3n parlamentaria tengo la impresi\u00f3n de que la oposici\u00f3n se mantiene pasiva ante el fiasco del vial de Jove. El liderazgo de la batalla, por renuncia de los representantes institucionales, queda en manos de las asociaciones vecinales. En mayo habr\u00e1 una gran manifestaci\u00f3n, sin duda, pero creer que s\u00f3lo con ella se dobla la mu\u00f1eca a \u00d3scar Puente es propio de ingenuos.<\/p>\n<!-- AddThis Advanced Settings generic via filter on the_content --><!-- AddThis Share Buttons generic via filter on the_content -->","protected":false},"excerpt":{"rendered":"<p>Seguimos con el goteo de noticias sobre las infraestructuras que construye o gestiona el Gobierno de Espa\u00f1a en Asturias. Los trenes Avril, que ahora denominan de \u00abmuy alta velocidad\u00bb, porque la alta velocidad est\u00e1 devaluada en Asturias, s\u00f3lo acortar\u00e1n en doce minutos el viaje de Gij\u00f3n a Madrid. Tambi\u00e9n se informa de que el convoy [&hellip;]<!-- AddThis Advanced Settings generic via filter on get_the_excerpt --><!-- AddThis Share Buttons generic via filter on get_the_excerpt --><\/p>\n","protected":false},"author":2,"featured_media":0,"comment_status":"open","ping_status":"open","sticky":false,"template":"","format":"standard","meta":[],"categories":[1],"tags":[],"_links":{"self":[{"href":"https:\/\/blogs.elcomercio.es\/largo_de_cafe\/wp-json\/wp\/v2\/posts\/9972"}],"collection":[{"href":"https:\/\/blogs.elcomercio.es\/largo_de_cafe\/wp-json\/wp\/v2\/posts"}],"about":[{"href":"https:\/\/blogs.elcomercio.es\/largo_de_cafe\/wp-json\/wp\/v2\/types\/post"}],"author":[{"embeddable":true,"href":"https:\/\/blogs.elcomercio.es\/largo_de_cafe\/wp-json\/wp\/v2\/users\/2"}],"replies":[{"embeddable":true,"href":"https:\/\/blogs.elcomercio.es\/largo_de_cafe\/wp-json\/wp\/v2\/comments?post=9972"}],"version-history":[{"count":1,"href":"https:\/\/blogs.elcomercio.es\/largo_de_cafe\/wp-json\/wp\/v2\/posts\/9972\/revisions"}],"predecessor-version":[{"id":9973,"href":"https:\/\/blogs.elcomercio.es\/largo_de_cafe\/wp-json\/wp\/v2\/posts\/9972\/revisions\/9973"}],"wp:attachment":[{"href":"https:\/\/blogs.elcomercio.es\/largo_de_cafe\/wp-json\/wp\/v2\/media?parent=9972"}],"wp:term":[{"taxonomy":"category","embeddable":true,"href":"https:\/\/blogs.elcomercio.es\/largo_de_cafe\/wp-json\/wp\/v2\/categories?post=9972"},{"taxonomy":"post_tag","embeddable":true,"href":"https:\/\/blogs.elcomercio.es\/largo_de_cafe\/wp-json\/wp\/v2\/tags?post=9972"}],"curies":[{"name":"wp","href":"https:\/\/api.w.org\/{rel}","templated":true}]}}